
{"id":96063,"date":"2021-07-29T16:56:40","date_gmt":"2021-07-29T19:56:40","guid":{"rendered":"https:\/\/www.sudoestehoje.com.br\/novoportal\/?p=96063"},"modified":"2021-07-29T16:56:40","modified_gmt":"2021-07-29T19:56:40","slug":"eleicoes-2022-mdb-ainda-nao-definiu-quem-apoiara-para-governo-diz-lucio","status":"publish","type":"post","link":"https:\/\/www.sudoestehoje.com.br\/novoportal\/2021\/07\/29\/eleicoes-2022-mdb-ainda-nao-definiu-quem-apoiara-para-governo-diz-lucio\/","title":{"rendered":"ELEI\u00c7\u00d5ES 2022: MDB AINDA N\u00c3O DEFINIU QUEM APOIAR\u00c1 PARA GOVERNO, DIZ L\u00daCIO"},"content":{"rendered":"<p><a href=\"https:\/\/www.sudoestehoje.com.br\/novoportal\/wp-content\/uploads\/2021\/07\/LUCIO.jpg\"><img loading=\"lazy\" decoding=\"async\" class=\"aligncenter size-medium wp-image-96064\" src=\"https:\/\/www.sudoestehoje.com.br\/novoportal\/wp-content\/uploads\/2021\/07\/LUCIO-500x250.jpg\" alt=\"\" width=\"500\" height=\"250\" srcset=\"https:\/\/www.sudoestehoje.com.br\/novoportal\/wp-content\/uploads\/2021\/07\/LUCIO-500x250.jpg 500w, https:\/\/www.sudoestehoje.com.br\/novoportal\/wp-content\/uploads\/2021\/07\/LUCIO.jpg 660w\" sizes=\"auto, (max-width: 500px) 100vw, 500px\" \/><\/a><\/p>\n<p>O MDB ainda n\u00e3o definiu o candidato ao governo da Bahia que apoiar\u00e1 nas elei\u00e7\u00f5es de 2022. Ao\u00a0<strong>bahia.ba<\/strong>\u00a0na tarde desta quinta-feira (29), o ex-deputado federal L\u00facio Vieira Lima afirmou que o partido continua \u201cem compasso de espera\u201d, mas \u201cconversando com todos os envolvidos\u201d.<\/p>\n<p>L\u00facio ressaltou que o pleito do ano que vem \u201cainda est\u00e1 longe\u201d e o cen\u00e1rio pode se modificar. \u201cVejo um horizonte sem perspectiva ainda, longe e sem defini\u00e7\u00e3o. N\u00e3o \u00e9 s\u00f3 o MDB que est\u00e1 em compasso de espera na majorit\u00e1ria, s\u00e3o todos, Defini\u00e7\u00e3o agora \u00e9 cedo para ter, vamos conversando e esperando. As conversas n\u00e3o param, conversamos com todo mundo, sem distin\u00e7\u00e3o. Sabemos do tamanho do MDB, nossa hist\u00f3ria\u201d, salientou.<\/p>\n<p>J\u00e1 sobre a chapa proporcional, o MDB est\u00e1 em busca de novos nomes para a disputa nos \u00e2mbitos federal e estadual. O ex-deputado projeta ter um grande n\u00famero de candidatos no ano que vem. \u201cQueremos entrar forte na briga, ter bons nomes, candidatos interessantes e novos tamb\u00e9m. Temos muitas chances. Vamos a partir da pr\u00f3xima semana entrar em campo para fazer essa busca de bosn nomes\u201d, comentou.<\/p>\n","protected":false},"excerpt":{"rendered":"<p>O MDB ainda n\u00e3o definiu o candidato ao governo da Bahia que apoiar\u00e1 nas elei\u00e7\u00f5es de 2022. Ao\u00a0bahia.ba\u00a0na tarde desta quinta-feira (29), o ex-deputado federal L\u00facio Vieira Lima afirmou que o partido continua \u201cem compasso de espera\u201d, mas \u201cconversando com todos os envolvidos\u201d. L\u00facio ressaltou que o pleito do ano que vem \u201cainda est\u00e1 longe\u201d [&hellip;]<\/p>\n","protected":false},"author":2,"featured_media":96064,"comment_status":"open","ping_status":"open","sticky":false,"template":"","format":"standard","meta":{"footnotes":"","_links_to":"","_links_to_target":""},"categories":[1],"tags":[],"class_list":["post-96063","post","type-post","status-publish","format-standard","has-post-thumbnail","hentry","category-geral"],"views":713,"_links":{"self":[{"href":"https:\/\/www.sudoestehoje.com.br\/novoportal\/wp-json\/wp\/v2\/posts\/96063","targetHints":{"allow":["GET"]}}],"collection":[{"href":"https:\/\/www.sudoestehoje.com.br\/novoportal\/wp-json\/wp\/v2\/posts"}],"about":[{"href":"https:\/\/www.sudoestehoje.com.br\/novoportal\/wp-json\/wp\/v2\/types\/post"}],"author":[{"embeddable":true,"href":"https:\/\/www.sudoestehoje.com.br\/novoportal\/wp-json\/wp\/v2\/users\/2"}],"replies":[{"embeddable":true,"href":"https:\/\/www.sudoestehoje.com.br\/novoportal\/wp-json\/wp\/v2\/comments?post=96063"}],"version-history":[{"count":1,"href":"https:\/\/www.sudoestehoje.com.br\/novoportal\/wp-json\/wp\/v2\/posts\/96063\/revisions"}],"predecessor-version":[{"id":96065,"href":"https:\/\/www.sudoestehoje.com.br\/novoportal\/wp-json\/wp\/v2\/posts\/96063\/revisions\/96065"}],"wp:featuredmedia":[{"embeddable":true,"href":"https:\/\/www.sudoestehoje.com.br\/novoportal\/wp-json\/wp\/v2\/media\/96064"}],"wp:attachment":[{"href":"https:\/\/www.sudoestehoje.com.br\/novoportal\/wp-json\/wp\/v2\/media?parent=96063"}],"wp:term":[{"taxonomy":"category","embeddable":true,"href":"https:\/\/www.sudoestehoje.com.br\/novoportal\/wp-json\/wp\/v2\/categories?post=96063"},{"taxonomy":"post_tag","embeddable":true,"href":"https:\/\/www.sudoestehoje.com.br\/novoportal\/wp-json\/wp\/v2\/tags?post=96063"}],"curies":[{"name":"wp","href":"https:\/\/api.w.org\/{rel}","templated":true}]}}