
{"id":96051,"date":"2021-07-28T17:56:25","date_gmt":"2021-07-28T20:56:25","guid":{"rendered":"https:\/\/www.sudoestehoje.com.br\/novoportal\/?p=96051"},"modified":"2021-07-28T17:56:25","modified_gmt":"2021-07-28T20:56:25","slug":"prefeita-selma-souto-de-macarani-e-avaliada-como-gestora-exemplo-no-medio-sudoeste","status":"publish","type":"post","link":"https:\/\/www.sudoestehoje.com.br\/novoportal\/2021\/07\/28\/prefeita-selma-souto-de-macarani-e-avaliada-como-gestora-exemplo-no-medio-sudoeste\/","title":{"rendered":"PREFEITA SELMA SOUTO DE MACARANI \u00c9 AVALIADA COMO GESTORA EXEMPLO NO M\u00c9DIO SUDOESTE"},"content":{"rendered":"<div id=\"attachment_96053\" style=\"width: 510px\" class=\"wp-caption aligncenter\"><a href=\"https:\/\/www.sudoestehoje.com.br\/novoportal\/wp-content\/uploads\/2021\/07\/selma-e-elson.jpg\"><img loading=\"lazy\" decoding=\"async\" aria-describedby=\"caption-attachment-96053\" class=\"size-medium wp-image-96053\" src=\"https:\/\/www.sudoestehoje.com.br\/novoportal\/wp-content\/uploads\/2021\/07\/selma-e-elson-500x313.jpg\" alt=\"\" width=\"500\" height=\"313\" srcset=\"https:\/\/www.sudoestehoje.com.br\/novoportal\/wp-content\/uploads\/2021\/07\/selma-e-elson-500x313.jpg 500w, https:\/\/www.sudoestehoje.com.br\/novoportal\/wp-content\/uploads\/2021\/07\/selma-e-elson.jpg 640w\" sizes=\"auto, (max-width: 500px) 100vw, 500px\" \/><\/a><p id=\"caption-attachment-96053\" class=\"wp-caption-text\"><strong><em>PREFEITA SELMA SOUTO AO LADO DO VICE- PREFEITO ELSON<\/em><\/strong><\/p><\/div>\n<p>Nos meios pol\u00edticos do M\u00e9dio Sudoeste Baiano, a nova prefeita de Macarani, Selma Souto (PSD) vem sendo bem avaliada e j\u00e1 desponta, ao lado do prefeito Rodrigo Hagge (MDB) de Itapetinga, como os gestores mais eficientes da regi\u00e3o, nesses primeiros 6 meses de governo.<\/p>\n<p>De acordo com um influente pol\u00edtico da regi\u00e3o, <em>&#8220;Selma assumiu a prefeitura de Macarani totalmente destro\u00e7ada e com atrasos com pessoal e fornecedores, al\u00e9m de ter perdido a credibilidade no comercio regional e \u00f3rg\u00e3os governamentais. Em pouco tempo, as d\u00edvidas do munic\u00edpio com fornecedores e funcion\u00e1rios foram equacionadas, possibilitando equil\u00edbrio nas contas e avan\u00e7os na administra\u00e7\u00e3o&#8221;<\/em>, relatou.<\/p>\n<p><em>&#8220;Al\u00e9m do tino administrativo natural, Selma Souto conta com a experi\u00eancia e apoio do seu marido, o ex-prefeito Armando Porto, homem correto e gestor eficiente durante 3 mandatos no munic\u00edpio&#8221;<\/em>, completou.<\/p>\n<p>Macarani \u00e9 uma das cidades mais importantes do M\u00e9dio Sudoeste, localizada a cerca de 50 Km de Itapetinga.<\/p>\n<p><strong><em>Por Davi Ferraz<\/em><\/strong><\/p>\n","protected":false},"excerpt":{"rendered":"<p>Nos meios pol\u00edticos do M\u00e9dio Sudoeste Baiano, a nova prefeita de Macarani, Selma Souto (PSD) vem sendo bem avaliada e j\u00e1 desponta, ao lado do prefeito Rodrigo Hagge (MDB) de Itapetinga, como os gestores mais eficientes da regi\u00e3o, nesses primeiros 6 meses de governo. De acordo com um influente pol\u00edtico da regi\u00e3o, &#8220;Selma assumiu a [&hellip;]<\/p>\n","protected":false},"author":2,"featured_media":96053,"comment_status":"open","ping_status":"open","sticky":false,"template":"","format":"standard","meta":{"footnotes":"","_links_to":"","_links_to_target":""},"categories":[1],"tags":[],"class_list":["post-96051","post","type-post","status-publish","format-standard","has-post-thumbnail","hentry","category-geral"],"views":1715,"_links":{"self":[{"href":"https:\/\/www.sudoestehoje.com.br\/novoportal\/wp-json\/wp\/v2\/posts\/96051","targetHints":{"allow":["GET"]}}],"collection":[{"href":"https:\/\/www.sudoestehoje.com.br\/novoportal\/wp-json\/wp\/v2\/posts"}],"about":[{"href":"https:\/\/www.sudoestehoje.com.br\/novoportal\/wp-json\/wp\/v2\/types\/post"}],"author":[{"embeddable":true,"href":"https:\/\/www.sudoestehoje.com.br\/novoportal\/wp-json\/wp\/v2\/users\/2"}],"replies":[{"embeddable":true,"href":"https:\/\/www.sudoestehoje.com.br\/novoportal\/wp-json\/wp\/v2\/comments?post=96051"}],"version-history":[{"count":2,"href":"https:\/\/www.sudoestehoje.com.br\/novoportal\/wp-json\/wp\/v2\/posts\/96051\/revisions"}],"predecessor-version":[{"id":96054,"href":"https:\/\/www.sudoestehoje.com.br\/novoportal\/wp-json\/wp\/v2\/posts\/96051\/revisions\/96054"}],"wp:featuredmedia":[{"embeddable":true,"href":"https:\/\/www.sudoestehoje.com.br\/novoportal\/wp-json\/wp\/v2\/media\/96053"}],"wp:attachment":[{"href":"https:\/\/www.sudoestehoje.com.br\/novoportal\/wp-json\/wp\/v2\/media?parent=96051"}],"wp:term":[{"taxonomy":"category","embeddable":true,"href":"https:\/\/www.sudoestehoje.com.br\/novoportal\/wp-json\/wp\/v2\/categories?post=96051"},{"taxonomy":"post_tag","embeddable":true,"href":"https:\/\/www.sudoestehoje.com.br\/novoportal\/wp-json\/wp\/v2\/tags?post=96051"}],"curies":[{"name":"wp","href":"https:\/\/api.w.org\/{rel}","templated":true}]}}