
{"id":96040,"date":"2021-07-28T16:56:30","date_gmt":"2021-07-28T19:56:30","guid":{"rendered":"https:\/\/www.sudoestehoje.com.br\/novoportal\/?p=96040"},"modified":"2021-07-28T17:21:13","modified_gmt":"2021-07-28T20:21:13","slug":"boa-noticia-frigorifico-sudoeste-abre-vagas-de-trabalho-em-sua-unidade-em-itapetinga","status":"publish","type":"post","link":"https:\/\/www.sudoestehoje.com.br\/novoportal\/2021\/07\/28\/boa-noticia-frigorifico-sudoeste-abre-vagas-de-trabalho-em-sua-unidade-em-itapetinga\/","title":{"rendered":"BOA NOT\u00cdCIA! FRIGOR\u00cdFICO SUDOESTE ABRE VAGAS DE TRABALHO EM SUA UNIDADE EM ITAPETINGA"},"content":{"rendered":"<p><a href=\"https:\/\/www.sudoestehoje.com.br\/novoportal\/wp-content\/uploads\/2021\/07\/frigosol.jpg\"><img loading=\"lazy\" decoding=\"async\" class=\"aligncenter size-medium wp-image-96043\" src=\"https:\/\/www.sudoestehoje.com.br\/novoportal\/wp-content\/uploads\/2021\/07\/frigosol-500x300.jpg\" alt=\"\" width=\"500\" height=\"300\" srcset=\"https:\/\/www.sudoestehoje.com.br\/novoportal\/wp-content\/uploads\/2021\/07\/frigosol-500x300.jpg 500w, https:\/\/www.sudoestehoje.com.br\/novoportal\/wp-content\/uploads\/2021\/07\/frigosol.jpg 512w\" sizes=\"auto, (max-width: 500px) 100vw, 500px\" \/><\/a><\/p>\n<p>Atrav\u00e9s de Nota Informativa encaminhada \u00e0 imprensa e postada nas redes sociais, o Frigor\u00edfico Sudoeste (FRIGOSOL) comunicou nesta quarta-feira (28) que voltou a contratar pessoal na sua unidade em Itapetinga, para a \u00e1rea de produ\u00e7\u00e3o.<\/p>\n<p>Na nota, o FRIGOSOL informa o seu crescimento nos \u00faltimos 12 meses, o que possibilitou o aumento do seu quadro de empregados, para refor\u00e7ar a produ\u00e7\u00e3o e atender as demandas do mercado internacional, atrav\u00e9s da sua Unidade de Exporta\u00e7\u00e3o. <em>Confira o comunicado:<\/em><\/p>\n<p><a href=\"https:\/\/www.sudoestehoje.com.br\/novoportal\/wp-content\/uploads\/2021\/07\/nota-informativa-Frigosol.jpeg\"><img loading=\"lazy\" decoding=\"async\" class=\"aligncenter size-medium wp-image-96042\" src=\"https:\/\/www.sudoestehoje.com.br\/novoportal\/wp-content\/uploads\/2021\/07\/nota-informativa-Frigosol-500x499.jpeg\" alt=\"\" width=\"500\" height=\"499\" srcset=\"https:\/\/www.sudoestehoje.com.br\/novoportal\/wp-content\/uploads\/2021\/07\/nota-informativa-Frigosol-500x499.jpeg 500w, https:\/\/www.sudoestehoje.com.br\/novoportal\/wp-content\/uploads\/2021\/07\/nota-informativa-Frigosol-150x150.jpeg 150w, https:\/\/www.sudoestehoje.com.br\/novoportal\/wp-content\/uploads\/2021\/07\/nota-informativa-Frigosol.jpeg 608w\" sizes=\"auto, (max-width: 500px) 100vw, 500px\" \/><\/a><\/p>\n<p><strong><em>Por Davi Ferraz<\/em><\/strong><\/p>\n","protected":false},"excerpt":{"rendered":"<p>Atrav\u00e9s de Nota Informativa encaminhada \u00e0 imprensa e postada nas redes sociais, o Frigor\u00edfico Sudoeste (FRIGOSOL) comunicou nesta quarta-feira (28) que voltou a contratar pessoal na sua unidade em Itapetinga, para a \u00e1rea de produ\u00e7\u00e3o. Na nota, o FRIGOSOL informa o seu crescimento nos \u00faltimos 12 meses, o que possibilitou o aumento do seu quadro [&hellip;]<\/p>\n","protected":false},"author":2,"featured_media":96042,"comment_status":"open","ping_status":"open","sticky":false,"template":"","format":"standard","meta":{"footnotes":"","_links_to":"","_links_to_target":""},"categories":[1],"tags":[],"class_list":["post-96040","post","type-post","status-publish","format-standard","has-post-thumbnail","hentry","category-geral"],"views":1487,"_links":{"self":[{"href":"https:\/\/www.sudoestehoje.com.br\/novoportal\/wp-json\/wp\/v2\/posts\/96040","targetHints":{"allow":["GET"]}}],"collection":[{"href":"https:\/\/www.sudoestehoje.com.br\/novoportal\/wp-json\/wp\/v2\/posts"}],"about":[{"href":"https:\/\/www.sudoestehoje.com.br\/novoportal\/wp-json\/wp\/v2\/types\/post"}],"author":[{"embeddable":true,"href":"https:\/\/www.sudoestehoje.com.br\/novoportal\/wp-json\/wp\/v2\/users\/2"}],"replies":[{"embeddable":true,"href":"https:\/\/www.sudoestehoje.com.br\/novoportal\/wp-json\/wp\/v2\/comments?post=96040"}],"version-history":[{"count":5,"href":"https:\/\/www.sudoestehoje.com.br\/novoportal\/wp-json\/wp\/v2\/posts\/96040\/revisions"}],"predecessor-version":[{"id":96050,"href":"https:\/\/www.sudoestehoje.com.br\/novoportal\/wp-json\/wp\/v2\/posts\/96040\/revisions\/96050"}],"wp:featuredmedia":[{"embeddable":true,"href":"https:\/\/www.sudoestehoje.com.br\/novoportal\/wp-json\/wp\/v2\/media\/96042"}],"wp:attachment":[{"href":"https:\/\/www.sudoestehoje.com.br\/novoportal\/wp-json\/wp\/v2\/media?parent=96040"}],"wp:term":[{"taxonomy":"category","embeddable":true,"href":"https:\/\/www.sudoestehoje.com.br\/novoportal\/wp-json\/wp\/v2\/categories?post=96040"},{"taxonomy":"post_tag","embeddable":true,"href":"https:\/\/www.sudoestehoje.com.br\/novoportal\/wp-json\/wp\/v2\/tags?post=96040"}],"curies":[{"name":"wp","href":"https:\/\/api.w.org\/{rel}","templated":true}]}}