
{"id":96008,"date":"2021-07-25T22:28:11","date_gmt":"2021-07-26T01:28:11","guid":{"rendered":"https:\/\/www.sudoestehoje.com.br\/novoportal\/?p=96008"},"modified":"2021-07-25T22:28:11","modified_gmt":"2021-07-26T01:28:11","slug":"itapetinga-obras-de-pavimentacao-do-quintas-do-sul-ja-estao-sendo-executadas","status":"publish","type":"post","link":"https:\/\/www.sudoestehoje.com.br\/novoportal\/2021\/07\/25\/itapetinga-obras-de-pavimentacao-do-quintas-do-sul-ja-estao-sendo-executadas\/","title":{"rendered":"ITAPETINGA: OBRAS DE PAVIMENTA\u00c7\u00c3O DO QUINTAS DO SUL J\u00c1 EST\u00c3O SENDO EXECUTADAS"},"content":{"rendered":"<p><a href=\"https:\/\/www.sudoestehoje.com.br\/novoportal\/wp-content\/uploads\/2021\/07\/quintas-2.jpg\"><img loading=\"lazy\" decoding=\"async\" class=\"aligncenter size-medium wp-image-96010\" src=\"https:\/\/www.sudoestehoje.com.br\/novoportal\/wp-content\/uploads\/2021\/07\/quintas-2-500x243.jpg\" alt=\"\" width=\"500\" height=\"243\" srcset=\"https:\/\/www.sudoestehoje.com.br\/novoportal\/wp-content\/uploads\/2021\/07\/quintas-2-500x243.jpg 500w, https:\/\/www.sudoestehoje.com.br\/novoportal\/wp-content\/uploads\/2021\/07\/quintas-2-700x341.jpg 700w, https:\/\/www.sudoestehoje.com.br\/novoportal\/wp-content\/uploads\/2021\/07\/quintas-2-768x374.jpg 768w, https:\/\/www.sudoestehoje.com.br\/novoportal\/wp-content\/uploads\/2021\/07\/quintas-2.jpg 1315w\" sizes=\"auto, (max-width: 500px) 100vw, 500px\" \/><\/a><\/p>\n<p>As obras de pavimenta\u00e7\u00e3o asf\u00e1ltica do bairro Quintas do Sul, em Itapetinga, j\u00e1 est\u00e3o em andamento e devem avan\u00e7ar ainda mais nos meses de agosto e setembro, segundo prepostos da prefeitura.\u00a0Os recursos s\u00e3o do governo federal, via DNOCS, atrav\u00e9s do esfor\u00e7o do deputado federal Ant\u00f4nio Brito (PSD) e do prefeito municipal Rodrigo Hagge (MDB).<\/p>\n<p><a href=\"https:\/\/www.sudoestehoje.com.br\/novoportal\/wp-content\/uploads\/2021\/07\/quintas-1.jpg\"><img loading=\"lazy\" decoding=\"async\" class=\"aligncenter size-medium wp-image-96009\" src=\"https:\/\/www.sudoestehoje.com.br\/novoportal\/wp-content\/uploads\/2021\/07\/quintas-1-500x243.jpg\" alt=\"\" width=\"500\" height=\"243\" srcset=\"https:\/\/www.sudoestehoje.com.br\/novoportal\/wp-content\/uploads\/2021\/07\/quintas-1-500x243.jpg 500w, https:\/\/www.sudoestehoje.com.br\/novoportal\/wp-content\/uploads\/2021\/07\/quintas-1-700x341.jpg 700w, https:\/\/www.sudoestehoje.com.br\/novoportal\/wp-content\/uploads\/2021\/07\/quintas-1-768x374.jpg 768w, https:\/\/www.sudoestehoje.com.br\/novoportal\/wp-content\/uploads\/2021\/07\/quintas-1.jpg 1315w\" sizes=\"auto, (max-width: 500px) 100vw, 500px\" \/><\/a><\/p>\n<p>De acordo com informa\u00e7\u00f5es colhidas pelo Sudoeste Hoje, a avenida paralela \u00e0 pista da BA-263, a partir da lateral do posto de combust\u00edveis, receber\u00e1 cal\u00e7amento,\u00a0 por raz\u00f5es t\u00e9cnicas, enquanto as ruas transversais dever\u00e3o ser asfaltadas.<a href=\"https:\/\/www.sudoestehoje.com.br\/novoportal\/wp-content\/uploads\/2021\/07\/quintas-3.jpg\"><img loading=\"lazy\" decoding=\"async\" class=\"aligncenter size-medium wp-image-96011\" src=\"https:\/\/www.sudoestehoje.com.br\/novoportal\/wp-content\/uploads\/2021\/07\/quintas-3-500x243.jpg\" alt=\"\" width=\"500\" height=\"243\" srcset=\"https:\/\/www.sudoestehoje.com.br\/novoportal\/wp-content\/uploads\/2021\/07\/quintas-3-500x243.jpg 500w, https:\/\/www.sudoestehoje.com.br\/novoportal\/wp-content\/uploads\/2021\/07\/quintas-3-700x341.jpg 700w, https:\/\/www.sudoestehoje.com.br\/novoportal\/wp-content\/uploads\/2021\/07\/quintas-3-768x374.jpg 768w, https:\/\/www.sudoestehoje.com.br\/novoportal\/wp-content\/uploads\/2021\/07\/quintas-3.jpg 1315w\" sizes=\"auto, (max-width: 500px) 100vw, 500px\" \/><\/a><\/p>\n<p>As obras est\u00e3o sendo executadas por uma empreiteira contratada pelo pr\u00f3prio DNOCS, atrav\u00e9s de licita\u00e7\u00e3o.<\/p>\n\n\t\t<style type=\"text\/css\">\n\t\t\t#gallery-1 {\n\t\t\t\tmargin: auto;\n\t\t\t}\n\t\t\t#gallery-1 .gallery-item {\n\t\t\t\tfloat: left;\n\t\t\t\tmargin-top: 10px;\n\t\t\t\ttext-align: center;\n\t\t\t\twidth: 33%;\n\t\t\t}\n\t\t\t#gallery-1 img {\n\t\t\t\tborder: 2px solid #cfcfcf;\n\t\t\t}\n\t\t\t#gallery-1 .gallery-caption {\n\t\t\t\tmargin-left: 0;\n\t\t\t}\n\t\t\t\/* see gallery_shortcode() in wp-includes\/media.php *\/\n\t\t<\/style>\n\t\t<div id='gallery-1' class='gallery galleryid-96008 gallery-columns-3 gallery-size-thumbnail'><dl class='gallery-item'>\n\t\t\t<dt class='gallery-icon landscape'>\n\t\t\t\t<a href='https:\/\/www.sudoestehoje.com.br\/novoportal\/2021\/07\/25\/itapetinga-obras-de-pavimentacao-do-quintas-do-sul-ja-estao-sendo-executadas\/quintas-6\/'><img loading=\"lazy\" decoding=\"async\" width=\"150\" height=\"150\" src=\"https:\/\/www.sudoestehoje.com.br\/novoportal\/wp-content\/uploads\/2021\/07\/quintas-6-150x150.jpg\" class=\"attachment-thumbnail size-thumbnail\" alt=\"\" \/><\/a>\n\t\t\t<\/dt><\/dl><dl class='gallery-item'>\n\t\t\t<dt class='gallery-icon landscape'>\n\t\t\t\t<a href='https:\/\/www.sudoestehoje.com.br\/novoportal\/2021\/07\/25\/itapetinga-obras-de-pavimentacao-do-quintas-do-sul-ja-estao-sendo-executadas\/quintas-5\/'><img loading=\"lazy\" decoding=\"async\" width=\"150\" height=\"150\" src=\"https:\/\/www.sudoestehoje.com.br\/novoportal\/wp-content\/uploads\/2021\/07\/quintas-5-150x150.jpg\" class=\"attachment-thumbnail size-thumbnail\" alt=\"\" \/><\/a>\n\t\t\t<\/dt><\/dl><dl class='gallery-item'>\n\t\t\t<dt class='gallery-icon landscape'>\n\t\t\t\t<a href='https:\/\/www.sudoestehoje.com.br\/novoportal\/2021\/07\/25\/itapetinga-obras-de-pavimentacao-do-quintas-do-sul-ja-estao-sendo-executadas\/quintas-4-2\/'><img loading=\"lazy\" decoding=\"async\" width=\"150\" height=\"150\" src=\"https:\/\/www.sudoestehoje.com.br\/novoportal\/wp-content\/uploads\/2021\/07\/quintas-4-150x150.jpg\" class=\"attachment-thumbnail size-thumbnail\" alt=\"\" \/><\/a>\n\t\t\t<\/dt><\/dl><br style=\"clear: both\" \/>\n\t\t<\/div>\n\n<p><strong><em>Por Davi Ferraz (fotos Israel Dutra)<\/em><\/strong><\/p>\n","protected":false},"excerpt":{"rendered":"<p>As obras de pavimenta\u00e7\u00e3o asf\u00e1ltica do bairro Quintas do Sul, em Itapetinga, j\u00e1 est\u00e3o em andamento e devem avan\u00e7ar ainda mais nos meses de agosto e setembro, segundo prepostos da prefeitura.\u00a0Os recursos s\u00e3o do governo federal, via DNOCS, atrav\u00e9s do esfor\u00e7o do deputado federal Ant\u00f4nio Brito (PSD) e do prefeito municipal Rodrigo Hagge (MDB). De [&hellip;]<\/p>\n","protected":false},"author":2,"featured_media":96010,"comment_status":"open","ping_status":"open","sticky":false,"template":"","format":"standard","meta":{"footnotes":"","_links_to":"","_links_to_target":""},"categories":[1],"tags":[],"class_list":["post-96008","post","type-post","status-publish","format-standard","has-post-thumbnail","hentry","category-geral"],"views":1412,"_links":{"self":[{"href":"https:\/\/www.sudoestehoje.com.br\/novoportal\/wp-json\/wp\/v2\/posts\/96008","targetHints":{"allow":["GET"]}}],"collection":[{"href":"https:\/\/www.sudoestehoje.com.br\/novoportal\/wp-json\/wp\/v2\/posts"}],"about":[{"href":"https:\/\/www.sudoestehoje.com.br\/novoportal\/wp-json\/wp\/v2\/types\/post"}],"author":[{"embeddable":true,"href":"https:\/\/www.sudoestehoje.com.br\/novoportal\/wp-json\/wp\/v2\/users\/2"}],"replies":[{"embeddable":true,"href":"https:\/\/www.sudoestehoje.com.br\/novoportal\/wp-json\/wp\/v2\/comments?post=96008"}],"version-history":[{"count":1,"href":"https:\/\/www.sudoestehoje.com.br\/novoportal\/wp-json\/wp\/v2\/posts\/96008\/revisions"}],"predecessor-version":[{"id":96015,"href":"https:\/\/www.sudoestehoje.com.br\/novoportal\/wp-json\/wp\/v2\/posts\/96008\/revisions\/96015"}],"wp:featuredmedia":[{"embeddable":true,"href":"https:\/\/www.sudoestehoje.com.br\/novoportal\/wp-json\/wp\/v2\/media\/96010"}],"wp:attachment":[{"href":"https:\/\/www.sudoestehoje.com.br\/novoportal\/wp-json\/wp\/v2\/media?parent=96008"}],"wp:term":[{"taxonomy":"category","embeddable":true,"href":"https:\/\/www.sudoestehoje.com.br\/novoportal\/wp-json\/wp\/v2\/categories?post=96008"},{"taxonomy":"post_tag","embeddable":true,"href":"https:\/\/www.sudoestehoje.com.br\/novoportal\/wp-json\/wp\/v2\/tags?post=96008"}],"curies":[{"name":"wp","href":"https:\/\/api.w.org\/{rel}","templated":true}]}}