
{"id":96002,"date":"2021-07-24T23:52:22","date_gmt":"2021-07-25T02:52:22","guid":{"rendered":"https:\/\/www.sudoestehoje.com.br\/novoportal\/?p=96002"},"modified":"2021-07-24T23:52:22","modified_gmt":"2021-07-25T02:52:22","slug":"detran-divulga-novos-prazos-para-troca-de-cnh-e-servicos-suspensos-na-pandemia","status":"publish","type":"post","link":"https:\/\/www.sudoestehoje.com.br\/novoportal\/2021\/07\/24\/detran-divulga-novos-prazos-para-troca-de-cnh-e-servicos-suspensos-na-pandemia\/","title":{"rendered":"DETRAN DIVULGA NOVOS PRAZOS PARA TROCA DE CNH E SERVI\u00c7OS SUSPENSOS NA PANDEMIA"},"content":{"rendered":"<p><a href=\"https:\/\/www.sudoestehoje.com.br\/novoportal\/wp-content\/uploads\/2021\/07\/cnh-vencida-renovar.jpg\"><img loading=\"lazy\" decoding=\"async\" class=\"aligncenter size-medium wp-image-96003\" src=\"https:\/\/www.sudoestehoje.com.br\/novoportal\/wp-content\/uploads\/2021\/07\/cnh-vencida-renovar-500x323.jpg\" alt=\"\" width=\"500\" height=\"323\" srcset=\"https:\/\/www.sudoestehoje.com.br\/novoportal\/wp-content\/uploads\/2021\/07\/cnh-vencida-renovar-500x323.jpg 500w, https:\/\/www.sudoestehoje.com.br\/novoportal\/wp-content\/uploads\/2021\/07\/cnh-vencida-renovar.jpg 600w\" sizes=\"auto, (max-width: 500px) 100vw, 500px\" \/><\/a><\/p>\n<p class=\"lead\">A partir do dia 2 de agosto, os servi\u00e7os de renova\u00e7\u00e3o da carteira de habilita\u00e7\u00e3o (CNH), registro de ve\u00edculos novos e transfer\u00eancia de propriedade de ve\u00edculos, que estavam suspensos, passam a seguir novo cronograma.<\/p>\n<p>Passa a vigorar a partir do dia 02 de agosto um novo calend\u00e1rio de prazos e procedimentos para condutores, registro de ve\u00edculos novos e transfer\u00eancia de propriedade de ve\u00edculos em todos os munic\u00edpios baianos. A Delibera\u00e7\u00e3o do Conselho Nacional de Tr\u00e2nsito (Contran) foi publicada no Di\u00e1rio Oficial da Uni\u00e3o desta quinta (22) e atende solicita\u00e7\u00e3o do Departamento Estadual de Tr\u00e2nsito da Bahia (Detran-BA).<\/p>\n<p>Segundo a Delibera\u00e7\u00e3o 230 do Contran, a renova\u00e7\u00e3o da carteira de habilita\u00e7\u00e3o (CNH) e Autoriza\u00e7\u00e3o para Conduzir Ciclomotor (ACC) vencidas entre 1\u00ba de fevereiro de 2020 e 31 de dezembro de 2021, passa a seguir novo cronograma:<\/p>\n<p><a href=\"https:\/\/www.sudoestehoje.com.br\/novoportal\/wp-content\/uploads\/2021\/07\/Tabelasite.png\"><img loading=\"lazy\" decoding=\"async\" class=\"aligncenter size-full wp-image-96001\" src=\"https:\/\/www.sudoestehoje.com.br\/novoportal\/wp-content\/uploads\/2021\/07\/Tabelasite.png\" alt=\"\" width=\"334\" height=\"640\" \/><\/a><\/p>\n<p>A norma tamb\u00e9m trata do registro de ve\u00edculos. Os carros zero quil\u00f4metro adquiridos entre 12 de fevereiro de 2021 e 1\u00ba de agosto de 2021 dever\u00e3o ser registrados e licenciados at\u00e9 31 de agosto de 2021. Para a transfer\u00eancia de propriedade de ve\u00edculos seminovos adquiridos entre 28 de janeiro de 2021 e 1\u00ba de agosto de 2021, o prazo \u00e9 at\u00e9 30 de setembro.<\/p>\n<p>A Delibera\u00e7\u00e3o estabelece ainda novos prazos relativos \u00e0s notifica\u00e7\u00f5es de tr\u00e2nsito e penalidades j\u00e1 expedidas. O per\u00edodo de apresenta\u00e7\u00e3o de defesa pr\u00e9via e indica\u00e7\u00e3o do condutor infrator, para as notifica\u00e7\u00f5es expedidas at\u00e9 26 de fevereiro de 2021, fica estabelecido de 02 a 31 de agosto de 2021.<\/p>\n<p>A regulariza\u00e7\u00e3o pode ser efetuada atrav\u00e9s do portal (www.sacdigital.ba.gov.br) mediante agendamento e aplicativo SAC Digital.<\/p>\n","protected":false},"excerpt":{"rendered":"<p>A partir do dia 2 de agosto, os servi\u00e7os de renova\u00e7\u00e3o da carteira de habilita\u00e7\u00e3o (CNH), registro de ve\u00edculos novos e transfer\u00eancia de propriedade de ve\u00edculos, que estavam suspensos, passam a seguir novo cronograma. Passa a vigorar a partir do dia 02 de agosto um novo calend\u00e1rio de prazos e procedimentos para condutores, registro de [&hellip;]<\/p>\n","protected":false},"author":2,"featured_media":96003,"comment_status":"open","ping_status":"open","sticky":false,"template":"","format":"standard","meta":{"footnotes":"","_links_to":"","_links_to_target":""},"categories":[1],"tags":[],"class_list":["post-96002","post","type-post","status-publish","format-standard","has-post-thumbnail","hentry","category-geral"],"views":1365,"_links":{"self":[{"href":"https:\/\/www.sudoestehoje.com.br\/novoportal\/wp-json\/wp\/v2\/posts\/96002","targetHints":{"allow":["GET"]}}],"collection":[{"href":"https:\/\/www.sudoestehoje.com.br\/novoportal\/wp-json\/wp\/v2\/posts"}],"about":[{"href":"https:\/\/www.sudoestehoje.com.br\/novoportal\/wp-json\/wp\/v2\/types\/post"}],"author":[{"embeddable":true,"href":"https:\/\/www.sudoestehoje.com.br\/novoportal\/wp-json\/wp\/v2\/users\/2"}],"replies":[{"embeddable":true,"href":"https:\/\/www.sudoestehoje.com.br\/novoportal\/wp-json\/wp\/v2\/comments?post=96002"}],"version-history":[{"count":4,"href":"https:\/\/www.sudoestehoje.com.br\/novoportal\/wp-json\/wp\/v2\/posts\/96002\/revisions"}],"predecessor-version":[{"id":96007,"href":"https:\/\/www.sudoestehoje.com.br\/novoportal\/wp-json\/wp\/v2\/posts\/96002\/revisions\/96007"}],"wp:featuredmedia":[{"embeddable":true,"href":"https:\/\/www.sudoestehoje.com.br\/novoportal\/wp-json\/wp\/v2\/media\/96003"}],"wp:attachment":[{"href":"https:\/\/www.sudoestehoje.com.br\/novoportal\/wp-json\/wp\/v2\/media?parent=96002"}],"wp:term":[{"taxonomy":"category","embeddable":true,"href":"https:\/\/www.sudoestehoje.com.br\/novoportal\/wp-json\/wp\/v2\/categories?post=96002"},{"taxonomy":"post_tag","embeddable":true,"href":"https:\/\/www.sudoestehoje.com.br\/novoportal\/wp-json\/wp\/v2\/tags?post=96002"}],"curies":[{"name":"wp","href":"https:\/\/api.w.org\/{rel}","templated":true}]}}