
{"id":95985,"date":"2021-07-23T21:49:45","date_gmt":"2021-07-24T00:49:45","guid":{"rendered":"https:\/\/www.sudoestehoje.com.br\/novoportal\/?p=95985"},"modified":"2021-07-23T21:50:15","modified_gmt":"2021-07-24T00:50:15","slug":"dem-pp-e-psl-negociam-fusao-para-se-tornar-maior-partido-no-congresso","status":"publish","type":"post","link":"https:\/\/www.sudoestehoje.com.br\/novoportal\/2021\/07\/23\/dem-pp-e-psl-negociam-fusao-para-se-tornar-maior-partido-no-congresso\/","title":{"rendered":"DEM, PP E PSL NEGOCIAM FUS\u00c3O PARA SE TORNAR MAIOR PARTIDO NO CONGRESSO"},"content":{"rendered":"<p><a href=\"https:\/\/www.sudoestehoje.com.br\/novoportal\/wp-content\/uploads\/2021\/07\/DEM-PP-PSL.jpg\"><img loading=\"lazy\" decoding=\"async\" class=\"size-medium wp-image-95987\" src=\"https:\/\/www.sudoestehoje.com.br\/novoportal\/wp-content\/uploads\/2021\/07\/DEM-PP-PSL-500x350.jpg\" alt=\"\" width=\"500\" height=\"350\" srcset=\"https:\/\/www.sudoestehoje.com.br\/novoportal\/wp-content\/uploads\/2021\/07\/DEM-PP-PSL-500x350.jpg 500w, https:\/\/www.sudoestehoje.com.br\/novoportal\/wp-content\/uploads\/2021\/07\/DEM-PP-PSL.jpg 600w\" sizes=\"auto, (max-width: 500px) 100vw, 500px\" \/><\/a><\/p>\n<p>O DEM, PSL e o PP, estudam uma fus\u00e3o, segundo o site Poder 360. De acordo com o site, as negocia\u00e7\u00f5es est\u00e3o em est\u00e1gio avan\u00e7ado e o novo partido pode ser anunciado em breve.\u00a0Se for mesmo confirmado, a nova sigla ser\u00e1 a maior\u00a0do Congresso, com 121 deputados e 15 senadores do chamado Centr\u00e3o.<\/p>\n<p>Conforme apura\u00e7\u00e3o do site, o comando da sigla ser\u00e1 dividido entre os tr\u00eas partidos, sendo que a presid\u00eancia ficar\u00e1 com Luciano Bivar (PSL), a vice com ACM Neto (DEM) e a secretaria-geral com Ciro Nogueira (PP). Todos s\u00e3o presidentes das suas legendas.<\/p>\n<p>Para a reportagem, integrantes do PSL disseram que a a\u00e7\u00e3o ainda \u00e9 vista como um rumor e que \u00e9 encabe\u00e7ada exclusivamente por Bivar. J\u00e1 Neto teria resist\u00eancia \u00e0 uni\u00e3o. O novo partido pode tamb\u00e9m abrigar o presidente Jair Bolsonaro (sem partido), que teria gostado da ideia.<\/p>\n","protected":false},"excerpt":{"rendered":"<p>O DEM, PSL e o PP, estudam uma fus\u00e3o, segundo o site Poder 360. De acordo com o site, as negocia\u00e7\u00f5es est\u00e3o em est\u00e1gio avan\u00e7ado e o novo partido pode ser anunciado em breve.\u00a0Se for mesmo confirmado, a nova sigla ser\u00e1 a maior\u00a0do Congresso, com 121 deputados e 15 senadores do chamado Centr\u00e3o. Conforme apura\u00e7\u00e3o [&hellip;]<\/p>\n","protected":false},"author":2,"featured_media":95987,"comment_status":"open","ping_status":"open","sticky":false,"template":"","format":"standard","meta":{"footnotes":"","_links_to":"","_links_to_target":""},"categories":[1],"tags":[],"class_list":["post-95985","post","type-post","status-publish","format-standard","has-post-thumbnail","hentry","category-geral"],"views":778,"_links":{"self":[{"href":"https:\/\/www.sudoestehoje.com.br\/novoportal\/wp-json\/wp\/v2\/posts\/95985","targetHints":{"allow":["GET"]}}],"collection":[{"href":"https:\/\/www.sudoestehoje.com.br\/novoportal\/wp-json\/wp\/v2\/posts"}],"about":[{"href":"https:\/\/www.sudoestehoje.com.br\/novoportal\/wp-json\/wp\/v2\/types\/post"}],"author":[{"embeddable":true,"href":"https:\/\/www.sudoestehoje.com.br\/novoportal\/wp-json\/wp\/v2\/users\/2"}],"replies":[{"embeddable":true,"href":"https:\/\/www.sudoestehoje.com.br\/novoportal\/wp-json\/wp\/v2\/comments?post=95985"}],"version-history":[{"count":3,"href":"https:\/\/www.sudoestehoje.com.br\/novoportal\/wp-json\/wp\/v2\/posts\/95985\/revisions"}],"predecessor-version":[{"id":95989,"href":"https:\/\/www.sudoestehoje.com.br\/novoportal\/wp-json\/wp\/v2\/posts\/95985\/revisions\/95989"}],"wp:featuredmedia":[{"embeddable":true,"href":"https:\/\/www.sudoestehoje.com.br\/novoportal\/wp-json\/wp\/v2\/media\/95987"}],"wp:attachment":[{"href":"https:\/\/www.sudoestehoje.com.br\/novoportal\/wp-json\/wp\/v2\/media?parent=95985"}],"wp:term":[{"taxonomy":"category","embeddable":true,"href":"https:\/\/www.sudoestehoje.com.br\/novoportal\/wp-json\/wp\/v2\/categories?post=95985"},{"taxonomy":"post_tag","embeddable":true,"href":"https:\/\/www.sudoestehoje.com.br\/novoportal\/wp-json\/wp\/v2\/tags?post=95985"}],"curies":[{"name":"wp","href":"https:\/\/api.w.org\/{rel}","templated":true}]}}