
{"id":95950,"date":"2021-07-20T22:22:36","date_gmt":"2021-07-21T01:22:36","guid":{"rendered":"https:\/\/www.sudoestehoje.com.br\/novoportal\/?p=95950"},"modified":"2021-07-20T22:22:36","modified_gmt":"2021-07-21T01:22:36","slug":"3a-via-chapa-moro-mourao-para-2022-e-ventilada-em-brasilia","status":"publish","type":"post","link":"https:\/\/www.sudoestehoje.com.br\/novoportal\/2021\/07\/20\/3a-via-chapa-moro-mourao-para-2022-e-ventilada-em-brasilia\/","title":{"rendered":"3\u00aa VIA: CHAPA MORO &#8211; MOUR\u00c3O PARA 2022 \u00c9 VENTILADA EM BRAS\u00cdLIA"},"content":{"rendered":"<p><a href=\"https:\/\/www.sudoestehoje.com.br\/novoportal\/wp-content\/uploads\/2021\/07\/MORO-E-MOUR\u00c3O.jpg\"><img loading=\"lazy\" decoding=\"async\" class=\"aligncenter size-medium wp-image-95952\" src=\"https:\/\/www.sudoestehoje.com.br\/novoportal\/wp-content\/uploads\/2021\/07\/MORO-E-MOUR\u00c3O-500x273.jpg\" alt=\"\" width=\"500\" height=\"273\" srcset=\"https:\/\/www.sudoestehoje.com.br\/novoportal\/wp-content\/uploads\/2021\/07\/MORO-E-MOUR\u00c3O-500x273.jpg 500w, https:\/\/www.sudoestehoje.com.br\/novoportal\/wp-content\/uploads\/2021\/07\/MORO-E-MOUR\u00c3O-700x383.jpg 700w, https:\/\/www.sudoestehoje.com.br\/novoportal\/wp-content\/uploads\/2021\/07\/MORO-E-MOUR\u00c3O.jpg 750w\" sizes=\"auto, (max-width: 500px) 100vw, 500px\" \/><\/a><\/p>\n<p>Uma nova e surpreendente alternativa para a chamada terceira via presidencial em 2022 vem sendo cogitada pelos corredores de Bras\u00edlia. Na \u00faltima semana, dirigentes do PRTB, partido do vice-presidente Hamilton Mour\u00e3o, receberam uma sondagem de um grupo de apoiadores de Moro sobre a possibilidade de participa\u00e7\u00e3o dele em uma chapa encabe\u00e7ada pelo ex-juiz e ex-ministro da Justi\u00e7a.<\/p>\n<p><a href=\"https:\/\/veja.abril.com.br\/blog\/maquiavel\/chapa-moro-mourao-para-2022-e-ventilada-em-brasilia\/?fbclid=IwAR3zJgWB4c9wLMKUvpl2N4pAIrIPe9_HbpbjZ2g4hnnSDk2RL4MCSUxxnLU\"><span style=\"color: #0000ff;\"><strong>LEIA MAIS&#8230;<\/strong><\/span><\/a><\/p>\n","protected":false},"excerpt":{"rendered":"<p>Uma nova e surpreendente alternativa para a chamada terceira via presidencial em 2022 vem sendo cogitada pelos corredores de Bras\u00edlia. Na \u00faltima semana, dirigentes do PRTB, partido do vice-presidente Hamilton Mour\u00e3o, receberam uma sondagem de um grupo de apoiadores de Moro sobre a possibilidade de participa\u00e7\u00e3o dele em uma chapa encabe\u00e7ada pelo ex-juiz e ex-ministro [&hellip;]<\/p>\n","protected":false},"author":2,"featured_media":95952,"comment_status":"open","ping_status":"open","sticky":false,"template":"","format":"standard","meta":{"footnotes":"","_links_to":"","_links_to_target":""},"categories":[1],"tags":[],"class_list":["post-95950","post","type-post","status-publish","format-standard","has-post-thumbnail","hentry","category-geral"],"views":1012,"_links":{"self":[{"href":"https:\/\/www.sudoestehoje.com.br\/novoportal\/wp-json\/wp\/v2\/posts\/95950","targetHints":{"allow":["GET"]}}],"collection":[{"href":"https:\/\/www.sudoestehoje.com.br\/novoportal\/wp-json\/wp\/v2\/posts"}],"about":[{"href":"https:\/\/www.sudoestehoje.com.br\/novoportal\/wp-json\/wp\/v2\/types\/post"}],"author":[{"embeddable":true,"href":"https:\/\/www.sudoestehoje.com.br\/novoportal\/wp-json\/wp\/v2\/users\/2"}],"replies":[{"embeddable":true,"href":"https:\/\/www.sudoestehoje.com.br\/novoportal\/wp-json\/wp\/v2\/comments?post=95950"}],"version-history":[{"count":3,"href":"https:\/\/www.sudoestehoje.com.br\/novoportal\/wp-json\/wp\/v2\/posts\/95950\/revisions"}],"predecessor-version":[{"id":95954,"href":"https:\/\/www.sudoestehoje.com.br\/novoportal\/wp-json\/wp\/v2\/posts\/95950\/revisions\/95954"}],"wp:featuredmedia":[{"embeddable":true,"href":"https:\/\/www.sudoestehoje.com.br\/novoportal\/wp-json\/wp\/v2\/media\/95952"}],"wp:attachment":[{"href":"https:\/\/www.sudoestehoje.com.br\/novoportal\/wp-json\/wp\/v2\/media?parent=95950"}],"wp:term":[{"taxonomy":"category","embeddable":true,"href":"https:\/\/www.sudoestehoje.com.br\/novoportal\/wp-json\/wp\/v2\/categories?post=95950"},{"taxonomy":"post_tag","embeddable":true,"href":"https:\/\/www.sudoestehoje.com.br\/novoportal\/wp-json\/wp\/v2\/tags?post=95950"}],"curies":[{"name":"wp","href":"https:\/\/api.w.org\/{rel}","templated":true}]}}