
{"id":95941,"date":"2021-07-20T17:12:48","date_gmt":"2021-07-20T20:12:48","guid":{"rendered":"https:\/\/www.sudoestehoje.com.br\/novoportal\/?p=95941"},"modified":"2021-07-20T17:12:48","modified_gmt":"2021-07-20T20:12:48","slug":"regiao-prefeito-de-potiragua-e-multado-por-contratacao-irregular-de-pessoal","status":"publish","type":"post","link":"https:\/\/www.sudoestehoje.com.br\/novoportal\/2021\/07\/20\/regiao-prefeito-de-potiragua-e-multado-por-contratacao-irregular-de-pessoal\/","title":{"rendered":"REGI\u00c3O: PREFEITO DE POTIRAGU\u00c1 \u00c9 MULTADO POR CONTRATA\u00c7\u00c3O IRREGULAR DE PESSOAL"},"content":{"rendered":"<p><a href=\"https:\/\/www.sudoestehoje.com.br\/novoportal\/wp-content\/uploads\/2021\/07\/CHELES.jpg\"><img loading=\"lazy\" decoding=\"async\" class=\"aligncenter size-medium wp-image-95943\" src=\"https:\/\/www.sudoestehoje.com.br\/novoportal\/wp-content\/uploads\/2021\/07\/CHELES-500x350.jpg\" alt=\"\" width=\"500\" height=\"350\" srcset=\"https:\/\/www.sudoestehoje.com.br\/novoportal\/wp-content\/uploads\/2021\/07\/CHELES-500x350.jpg 500w, https:\/\/www.sudoestehoje.com.br\/novoportal\/wp-content\/uploads\/2021\/07\/CHELES.jpg 600w\" sizes=\"auto, (max-width: 500px) 100vw, 500px\" \/><\/a><\/p>\n<p>O prefeito de\u00a0Potiragu\u00e1, Jorge Porto Cheles, foi multado por R$3 mil\u00a0em raz\u00e3o de irregularidades na contrata\u00e7\u00e3o de pessoal para o enfrentamento \u00e0 pandemia da Covid-19, em 2020. A decis\u00e3o aconteceu nesta ter\u00e7a-feira (20) ap\u00f3s reuni\u00e3o realizada entre os\u00a0conselheiros e auditores da 1\u00aa C\u00e2mara do Tribunal de Contas dos Munic\u00edpios.<\/p>\n<p>De acordo com o termo de ocorr\u00eancia, o prefeito n\u00e3o apresentou os dados das contrata\u00e7\u00f5es tempor\u00e1rias atrav\u00e9s do sistema SIGA, do TCM, como tamb\u00e9m n\u00e3o encaminhou a respectiva documenta\u00e7\u00e3o pelo e-TCM.<\/p>\n<p>De acordo com o conselheiro e relator do processo Jos\u00e9 Alfredo, a n\u00e3o realiza\u00e7\u00e3o de sele\u00e7\u00e3o simplificada, ainda que com suporte em lei municipal, \u201cn\u00e3o implica da dispensa da remessa dos contratos firmados a este Tribunal de Contas, nem da inser\u00e7\u00e3o dos dados no SIGA\u201d. E acrescentou, que a documenta\u00e7\u00e3o referente a tais contrata\u00e7\u00f5es deveria ter sido encaminhada ao TCM, com as comprova\u00e7\u00f5es das justificativas para a an\u00e1lise e julgamento, no prazo de 30 dias da entrada em exerc\u00edcio dos contratados, o que n\u00e3o foi cumprido pelo gestor.<\/p>\n<p>A procuradora do Minist\u00e9rio P\u00fablico de Contas, Aline Rio Branco, tamb\u00e9m se manifestou pela proced\u00eancia parcial da den\u00fancia, com aplica\u00e7\u00e3o de multa ao prefeito.<\/p>\n","protected":false},"excerpt":{"rendered":"<p>O prefeito de\u00a0Potiragu\u00e1, Jorge Porto Cheles, foi multado por R$3 mil\u00a0em raz\u00e3o de irregularidades na contrata\u00e7\u00e3o de pessoal para o enfrentamento \u00e0 pandemia da Covid-19, em 2020. A decis\u00e3o aconteceu nesta ter\u00e7a-feira (20) ap\u00f3s reuni\u00e3o realizada entre os\u00a0conselheiros e auditores da 1\u00aa C\u00e2mara do Tribunal de Contas dos Munic\u00edpios. De acordo com o termo de [&hellip;]<\/p>\n","protected":false},"author":2,"featured_media":95943,"comment_status":"open","ping_status":"open","sticky":false,"template":"","format":"standard","meta":{"footnotes":"","_links_to":"","_links_to_target":""},"categories":[1],"tags":[],"class_list":["post-95941","post","type-post","status-publish","format-standard","has-post-thumbnail","hentry","category-geral"],"views":909,"_links":{"self":[{"href":"https:\/\/www.sudoestehoje.com.br\/novoportal\/wp-json\/wp\/v2\/posts\/95941","targetHints":{"allow":["GET"]}}],"collection":[{"href":"https:\/\/www.sudoestehoje.com.br\/novoportal\/wp-json\/wp\/v2\/posts"}],"about":[{"href":"https:\/\/www.sudoestehoje.com.br\/novoportal\/wp-json\/wp\/v2\/types\/post"}],"author":[{"embeddable":true,"href":"https:\/\/www.sudoestehoje.com.br\/novoportal\/wp-json\/wp\/v2\/users\/2"}],"replies":[{"embeddable":true,"href":"https:\/\/www.sudoestehoje.com.br\/novoportal\/wp-json\/wp\/v2\/comments?post=95941"}],"version-history":[{"count":2,"href":"https:\/\/www.sudoestehoje.com.br\/novoportal\/wp-json\/wp\/v2\/posts\/95941\/revisions"}],"predecessor-version":[{"id":95944,"href":"https:\/\/www.sudoestehoje.com.br\/novoportal\/wp-json\/wp\/v2\/posts\/95941\/revisions\/95944"}],"wp:featuredmedia":[{"embeddable":true,"href":"https:\/\/www.sudoestehoje.com.br\/novoportal\/wp-json\/wp\/v2\/media\/95943"}],"wp:attachment":[{"href":"https:\/\/www.sudoestehoje.com.br\/novoportal\/wp-json\/wp\/v2\/media?parent=95941"}],"wp:term":[{"taxonomy":"category","embeddable":true,"href":"https:\/\/www.sudoestehoje.com.br\/novoportal\/wp-json\/wp\/v2\/categories?post=95941"},{"taxonomy":"post_tag","embeddable":true,"href":"https:\/\/www.sudoestehoje.com.br\/novoportal\/wp-json\/wp\/v2\/tags?post=95941"}],"curies":[{"name":"wp","href":"https:\/\/api.w.org\/{rel}","templated":true}]}}