
{"id":95931,"date":"2021-07-20T00:23:26","date_gmt":"2021-07-20T03:23:26","guid":{"rendered":"https:\/\/www.sudoestehoje.com.br\/novoportal\/?p=95931"},"modified":"2021-07-20T00:23:26","modified_gmt":"2021-07-20T03:23:26","slug":"itapetinga-vereador-joao-de-deus-comemora-pavimentacao-de-ruas-nas-vilas","status":"publish","type":"post","link":"https:\/\/www.sudoestehoje.com.br\/novoportal\/2021\/07\/20\/itapetinga-vereador-joao-de-deus-comemora-pavimentacao-de-ruas-nas-vilas\/","title":{"rendered":"ITAPETINGA: VEREADOR JO\u00c3O DE DEUS COMEMORA PAVIMENTA\u00c7\u00c3O DE RUAS NAS VILAS"},"content":{"rendered":"<p><a href=\"https:\/\/www.sudoestehoje.com.br\/novoportal\/wp-content\/uploads\/2021\/07\/joao-de-deus-2.jpeg\"><img loading=\"lazy\" decoding=\"async\" class=\"aligncenter size-medium wp-image-95933\" src=\"https:\/\/www.sudoestehoje.com.br\/novoportal\/wp-content\/uploads\/2021\/07\/joao-de-deus-2-500x281.jpeg\" alt=\"\" width=\"500\" height=\"281\" srcset=\"https:\/\/www.sudoestehoje.com.br\/novoportal\/wp-content\/uploads\/2021\/07\/joao-de-deus-2-500x281.jpeg 500w, https:\/\/www.sudoestehoje.com.br\/novoportal\/wp-content\/uploads\/2021\/07\/joao-de-deus-2-700x394.jpeg 700w, https:\/\/www.sudoestehoje.com.br\/novoportal\/wp-content\/uploads\/2021\/07\/joao-de-deus-2-768x432.jpeg 768w, https:\/\/www.sudoestehoje.com.br\/novoportal\/wp-content\/uploads\/2021\/07\/joao-de-deus-2-1536x864.jpeg 1536w, https:\/\/www.sudoestehoje.com.br\/novoportal\/wp-content\/uploads\/2021\/07\/joao-de-deus-2.jpeg 1600w\" sizes=\"auto, (max-width: 500px) 100vw, 500px\" \/><\/a>Nesta segunda-feira (19), o atuante vereador Jo\u00e3o de Deus (MDB) entrou em contato com a reda\u00e7\u00e3o do <strong><em>Sudoeste Hoje<\/em><\/strong> para manifestar o seu contentamento com o in\u00edcio de obras por ele solicitadas \u00e0 prefeitura, nas vilas Riach\u00e3o, Aurora e Clerol\u00e2ndia.<\/p>\n<p>De acordo com o vereador, j\u00e1 foi iniciada a pavimenta\u00e7\u00e3o Rua Medeiros Neto, que liga a Clerol\u00e2ndia \u00e0 Vila Riach\u00e3o, e j\u00e1 est\u00e1 em fase de conclus\u00e3o o cal\u00e7amento de ruas na Vila Aurora, reivindica\u00e7\u00f5es suas e dos moradores desses bairros.<\/p>\n<p>Jo\u00e3o de Deus participou, desde o in\u00edcio dos trabalhos, da medi\u00e7\u00e3o e evolu\u00e7\u00e3o das obras, ao lado do engenheiro da prefeitura e equipes da Secretaria de Infraestrutura.<a href=\"https:\/\/www.sudoestehoje.com.br\/novoportal\/wp-content\/uploads\/2021\/07\/joao-de-deus-3.jpeg\"><img loading=\"lazy\" decoding=\"async\" class=\"aligncenter size-medium wp-image-95934\" src=\"https:\/\/www.sudoestehoje.com.br\/novoportal\/wp-content\/uploads\/2021\/07\/joao-de-deus-3-500x281.jpeg\" alt=\"\" width=\"500\" height=\"281\" srcset=\"https:\/\/www.sudoestehoje.com.br\/novoportal\/wp-content\/uploads\/2021\/07\/joao-de-deus-3-500x281.jpeg 500w, https:\/\/www.sudoestehoje.com.br\/novoportal\/wp-content\/uploads\/2021\/07\/joao-de-deus-3-700x394.jpeg 700w, https:\/\/www.sudoestehoje.com.br\/novoportal\/wp-content\/uploads\/2021\/07\/joao-de-deus-3-768x432.jpeg 768w, https:\/\/www.sudoestehoje.com.br\/novoportal\/wp-content\/uploads\/2021\/07\/joao-de-deus-3-1536x864.jpeg 1536w, https:\/\/www.sudoestehoje.com.br\/novoportal\/wp-content\/uploads\/2021\/07\/joao-de-deus-3.jpeg 2000w\" sizes=\"auto, (max-width: 500px) 100vw, 500px\" \/><\/a><\/p>\n<p><em>&#8220;Venho lutando para concretizar a pavimenta\u00e7\u00e3o dessas ruas, desde o primeiro mandato de Rodrigo, e agora estou tendo a satisfa\u00e7\u00e3o de ver a sua concretiza\u00e7\u00e3o, gra\u00e7as \u00e0 boa vontade do nosso prefeito, que tem um olhar diferenciado em rela\u00e7\u00e3o aos bairros que representamos&#8221;<\/em>, festejou o vereador.<\/p>\n<p><strong><em>Por Davi Ferraz\u00a0<\/em><\/strong><\/p>\n","protected":false},"excerpt":{"rendered":"<p>Nesta segunda-feira (19), o atuante vereador Jo\u00e3o de Deus (MDB) entrou em contato com a reda\u00e7\u00e3o do Sudoeste Hoje para manifestar o seu contentamento com o in\u00edcio de obras por ele solicitadas \u00e0 prefeitura, nas vilas Riach\u00e3o, Aurora e Clerol\u00e2ndia. De acordo com o vereador, j\u00e1 foi iniciada a pavimenta\u00e7\u00e3o Rua Medeiros Neto, que liga [&hellip;]<\/p>\n","protected":false},"author":2,"featured_media":95933,"comment_status":"open","ping_status":"open","sticky":false,"template":"","format":"standard","meta":{"footnotes":"","_links_to":"","_links_to_target":""},"categories":[1],"tags":[],"class_list":["post-95931","post","type-post","status-publish","format-standard","has-post-thumbnail","hentry","category-geral"],"views":1127,"_links":{"self":[{"href":"https:\/\/www.sudoestehoje.com.br\/novoportal\/wp-json\/wp\/v2\/posts\/95931","targetHints":{"allow":["GET"]}}],"collection":[{"href":"https:\/\/www.sudoestehoje.com.br\/novoportal\/wp-json\/wp\/v2\/posts"}],"about":[{"href":"https:\/\/www.sudoestehoje.com.br\/novoportal\/wp-json\/wp\/v2\/types\/post"}],"author":[{"embeddable":true,"href":"https:\/\/www.sudoestehoje.com.br\/novoportal\/wp-json\/wp\/v2\/users\/2"}],"replies":[{"embeddable":true,"href":"https:\/\/www.sudoestehoje.com.br\/novoportal\/wp-json\/wp\/v2\/comments?post=95931"}],"version-history":[{"count":3,"href":"https:\/\/www.sudoestehoje.com.br\/novoportal\/wp-json\/wp\/v2\/posts\/95931\/revisions"}],"predecessor-version":[{"id":95936,"href":"https:\/\/www.sudoestehoje.com.br\/novoportal\/wp-json\/wp\/v2\/posts\/95931\/revisions\/95936"}],"wp:featuredmedia":[{"embeddable":true,"href":"https:\/\/www.sudoestehoje.com.br\/novoportal\/wp-json\/wp\/v2\/media\/95933"}],"wp:attachment":[{"href":"https:\/\/www.sudoestehoje.com.br\/novoportal\/wp-json\/wp\/v2\/media?parent=95931"}],"wp:term":[{"taxonomy":"category","embeddable":true,"href":"https:\/\/www.sudoestehoje.com.br\/novoportal\/wp-json\/wp\/v2\/categories?post=95931"},{"taxonomy":"post_tag","embeddable":true,"href":"https:\/\/www.sudoestehoje.com.br\/novoportal\/wp-json\/wp\/v2\/tags?post=95931"}],"curies":[{"name":"wp","href":"https:\/\/api.w.org\/{rel}","templated":true}]}}