
{"id":95913,"date":"2021-07-19T13:06:01","date_gmt":"2021-07-19T16:06:01","guid":{"rendered":"https:\/\/www.sudoestehoje.com.br\/novoportal\/?p=95913"},"modified":"2021-07-19T21:38:31","modified_gmt":"2021-07-20T00:38:31","slug":"itapetinga-governo-manda-demolir-construcoes-em-area-invadida-na-ba-263","status":"publish","type":"post","link":"https:\/\/www.sudoestehoje.com.br\/novoportal\/2021\/07\/19\/itapetinga-governo-manda-demolir-construcoes-em-area-invadida-na-ba-263\/","title":{"rendered":"ITAPETINGA: GOVERNO MANDA DEMOLIR CONSTRU\u00c7\u00d5ES EM \u00c1REA INVADIDA NA BA-263"},"content":{"rendered":"<p><a href=\"https:\/\/www.sudoestehoje.com.br\/novoportal\/wp-content\/uploads\/2021\/07\/protesto-rodovia-1.jpeg\"><img loading=\"lazy\" decoding=\"async\" class=\"aligncenter size-medium wp-image-95916\" src=\"https:\/\/www.sudoestehoje.com.br\/novoportal\/wp-content\/uploads\/2021\/07\/protesto-rodovia-1-500x281.jpeg\" alt=\"\" width=\"500\" height=\"281\" srcset=\"https:\/\/www.sudoestehoje.com.br\/novoportal\/wp-content\/uploads\/2021\/07\/protesto-rodovia-1-500x281.jpeg 500w, https:\/\/www.sudoestehoje.com.br\/novoportal\/wp-content\/uploads\/2021\/07\/protesto-rodovia-1-700x394.jpeg 700w, https:\/\/www.sudoestehoje.com.br\/novoportal\/wp-content\/uploads\/2021\/07\/protesto-rodovia-1-768x432.jpeg 768w, https:\/\/www.sudoestehoje.com.br\/novoportal\/wp-content\/uploads\/2021\/07\/protesto-rodovia-1-1536x864.jpeg 1536w, https:\/\/www.sudoestehoje.com.br\/novoportal\/wp-content\/uploads\/2021\/07\/protesto-rodovia-1.jpeg 1599w\" sizes=\"auto, (max-width: 500px) 100vw, 500px\" \/><\/a><\/p>\n<p>O Governo do Estado da Bahia, atrav\u00e9s da Secretaria Estadual de Infraestrutura, determinou a demoli\u00e7\u00e3o de algumas constru\u00e7\u00f5es \u00e0s margens da BA-263, em Itapetinga, no per\u00edmetro entre o entroncamento de Macarani e a UESB.<\/p>\n<p><a href=\"https:\/\/www.sudoestehoje.com.br\/novoportal\/wp-content\/uploads\/2021\/07\/protesto-rodovia-2.jpeg\"><img loading=\"lazy\" decoding=\"async\" class=\"aligncenter size-medium wp-image-95926\" src=\"https:\/\/www.sudoestehoje.com.br\/novoportal\/wp-content\/uploads\/2021\/07\/protesto-rodovia-2-500x375.jpeg\" alt=\"\" width=\"500\" height=\"375\" srcset=\"https:\/\/www.sudoestehoje.com.br\/novoportal\/wp-content\/uploads\/2021\/07\/protesto-rodovia-2-500x375.jpeg 500w, https:\/\/www.sudoestehoje.com.br\/novoportal\/wp-content\/uploads\/2021\/07\/protesto-rodovia-2-700x525.jpeg 700w, https:\/\/www.sudoestehoje.com.br\/novoportal\/wp-content\/uploads\/2021\/07\/protesto-rodovia-2-768x576.jpeg 768w, https:\/\/www.sudoestehoje.com.br\/novoportal\/wp-content\/uploads\/2021\/07\/protesto-rodovia-2-1536x1152.jpeg 1536w, https:\/\/www.sudoestehoje.com.br\/novoportal\/wp-content\/uploads\/2021\/07\/protesto-rodovia-2.jpeg 1600w\" sizes=\"auto, (max-width: 500px) 100vw, 500px\" \/><\/a><\/p>\n<p>A a\u00e7\u00e3o da SEINFRA acontece desde o in\u00edcio da manh\u00e3 desta segunda-feira (19), com a presen\u00e7a das pol\u00edcias militar e rodovi\u00e1ria, que est\u00e3o no local para garantir o cumprimento de um mandado judicial que determina a demoli\u00e7\u00e3o e remo\u00e7\u00e3o dos ocupantes de toda a \u00e1rea.<\/p>\n<p><a href=\"https:\/\/www.sudoestehoje.com.br\/novoportal\/wp-content\/uploads\/2021\/07\/protesto-rodovia-6.jpeg\"><img loading=\"lazy\" decoding=\"async\" class=\"aligncenter size-medium wp-image-95921\" src=\"https:\/\/www.sudoestehoje.com.br\/novoportal\/wp-content\/uploads\/2021\/07\/protesto-rodovia-6-500x230.jpeg\" alt=\"\" width=\"500\" height=\"230\" srcset=\"https:\/\/www.sudoestehoje.com.br\/novoportal\/wp-content\/uploads\/2021\/07\/protesto-rodovia-6-500x230.jpeg 500w, https:\/\/www.sudoestehoje.com.br\/novoportal\/wp-content\/uploads\/2021\/07\/protesto-rodovia-6-700x323.jpeg 700w, https:\/\/www.sudoestehoje.com.br\/novoportal\/wp-content\/uploads\/2021\/07\/protesto-rodovia-6-768x354.jpeg 768w, https:\/\/www.sudoestehoje.com.br\/novoportal\/wp-content\/uploads\/2021\/07\/protesto-rodovia-6.jpeg 1280w\" sizes=\"auto, (max-width: 500px) 100vw, 500px\" \/><\/a><\/p>\n<p>PROTESTO COM QUEIMA DE PNEUS<\/p>\n<p>Informados antecipadamente da a\u00e7\u00e3o do governo, os ocupantes das \u00e1reas invadidas realizaram protesto em v\u00e1rios pontos da rodovia, com queima de pneus e galhos de \u00e1rvores, bloqueando o tr\u00e1fego na rodovia.<\/p>\n<p><a href=\"https:\/\/www.sudoestehoje.com.br\/novoportal\/wp-content\/uploads\/2021\/07\/protesto-rodovia-5-1.jpeg\"><img loading=\"lazy\" decoding=\"async\" class=\"aligncenter size-medium wp-image-95923\" src=\"https:\/\/www.sudoestehoje.com.br\/novoportal\/wp-content\/uploads\/2021\/07\/protesto-rodovia-5-1-500x230.jpeg\" alt=\"\" width=\"500\" height=\"230\" srcset=\"https:\/\/www.sudoestehoje.com.br\/novoportal\/wp-content\/uploads\/2021\/07\/protesto-rodovia-5-1-500x230.jpeg 500w, https:\/\/www.sudoestehoje.com.br\/novoportal\/wp-content\/uploads\/2021\/07\/protesto-rodovia-5-1-700x323.jpeg 700w, https:\/\/www.sudoestehoje.com.br\/novoportal\/wp-content\/uploads\/2021\/07\/protesto-rodovia-5-1-768x354.jpeg 768w, https:\/\/www.sudoestehoje.com.br\/novoportal\/wp-content\/uploads\/2021\/07\/protesto-rodovia-5-1.jpeg 1280w\" sizes=\"auto, (max-width: 500px) 100vw, 500px\" \/><\/a><\/p>\n<p>At\u00e9 o meio-dia, o mandado de remo\u00e7\u00e3o das constru\u00e7\u00f5es ainda n\u00e3o havia sido cumprido, mas a rodovia acabou sendo liberada pela Pol\u00edcia Rodovi\u00e1ria Militar, com o apoio da prefeitura.<\/p>\n<p>Os protestos continuam no local.<\/p>\n\n\t\t<style type=\"text\/css\">\n\t\t\t#gallery-1 {\n\t\t\t\tmargin: auto;\n\t\t\t}\n\t\t\t#gallery-1 .gallery-item {\n\t\t\t\tfloat: left;\n\t\t\t\tmargin-top: 10px;\n\t\t\t\ttext-align: center;\n\t\t\t\twidth: 33%;\n\t\t\t}\n\t\t\t#gallery-1 img {\n\t\t\t\tborder: 2px solid #cfcfcf;\n\t\t\t}\n\t\t\t#gallery-1 .gallery-caption {\n\t\t\t\tmargin-left: 0;\n\t\t\t}\n\t\t\t\/* see gallery_shortcode() in wp-includes\/media.php *\/\n\t\t<\/style>\n\t\t<div id='gallery-1' class='gallery galleryid-95913 gallery-columns-3 gallery-size-thumbnail'><dl class='gallery-item'>\n\t\t\t<dt class='gallery-icon landscape'>\n\t\t\t\t<a href='https:\/\/www.sudoestehoje.com.br\/novoportal\/2021\/07\/19\/itapetinga-governo-manda-demolir-construcoes-em-area-invadida-na-ba-263\/protesto-rodovia-3\/'><img loading=\"lazy\" decoding=\"async\" width=\"150\" height=\"150\" src=\"https:\/\/www.sudoestehoje.com.br\/novoportal\/wp-content\/uploads\/2021\/07\/protesto-rodovia-3-150x150.jpeg\" class=\"attachment-thumbnail size-thumbnail\" alt=\"\" \/><\/a>\n\t\t\t<\/dt><\/dl><dl class='gallery-item'>\n\t\t\t<dt class='gallery-icon landscape'>\n\t\t\t\t<a href='https:\/\/www.sudoestehoje.com.br\/novoportal\/2021\/07\/19\/itapetinga-governo-manda-demolir-construcoes-em-area-invadida-na-ba-263\/protesto-rodovia-7\/'><img loading=\"lazy\" decoding=\"async\" width=\"150\" height=\"150\" src=\"https:\/\/www.sudoestehoje.com.br\/novoportal\/wp-content\/uploads\/2021\/07\/protesto-rodovia-7-150x150.jpeg\" class=\"attachment-thumbnail size-thumbnail\" alt=\"\" \/><\/a>\n\t\t\t<\/dt><\/dl><dl class='gallery-item'>\n\t\t\t<dt class='gallery-icon landscape'>\n\t\t\t\t<a href='https:\/\/www.sudoestehoje.com.br\/novoportal\/2021\/07\/19\/itapetinga-governo-manda-demolir-construcoes-em-area-invadida-na-ba-263\/protesto-rodovia-9\/'><img loading=\"lazy\" decoding=\"async\" width=\"150\" height=\"150\" src=\"https:\/\/www.sudoestehoje.com.br\/novoportal\/wp-content\/uploads\/2021\/07\/protesto-rodovia-9-150x150.jpeg\" class=\"attachment-thumbnail size-thumbnail\" alt=\"\" \/><\/a>\n\t\t\t<\/dt><\/dl><br style=\"clear: both\" \/>\n\t\t<\/div>\n\n<p><strong><em>Por Davi Ferraz\u00a0\u00a0<\/em><\/strong><\/p>\n","protected":false},"excerpt":{"rendered":"<p>O Governo do Estado da Bahia, atrav\u00e9s da Secretaria Estadual de Infraestrutura, determinou a demoli\u00e7\u00e3o de algumas constru\u00e7\u00f5es \u00e0s margens da BA-263, em Itapetinga, no per\u00edmetro entre o entroncamento de Macarani e a UESB. A a\u00e7\u00e3o da SEINFRA acontece desde o in\u00edcio da manh\u00e3 desta segunda-feira (19), com a presen\u00e7a das pol\u00edcias militar e rodovi\u00e1ria, [&hellip;]<\/p>\n","protected":false},"author":2,"featured_media":95916,"comment_status":"open","ping_status":"open","sticky":false,"template":"","format":"standard","meta":{"footnotes":"","_links_to":"","_links_to_target":""},"categories":[1],"tags":[],"class_list":["post-95913","post","type-post","status-publish","format-standard","has-post-thumbnail","hentry","category-geral"],"views":1171,"_links":{"self":[{"href":"https:\/\/www.sudoestehoje.com.br\/novoportal\/wp-json\/wp\/v2\/posts\/95913","targetHints":{"allow":["GET"]}}],"collection":[{"href":"https:\/\/www.sudoestehoje.com.br\/novoportal\/wp-json\/wp\/v2\/posts"}],"about":[{"href":"https:\/\/www.sudoestehoje.com.br\/novoportal\/wp-json\/wp\/v2\/types\/post"}],"author":[{"embeddable":true,"href":"https:\/\/www.sudoestehoje.com.br\/novoportal\/wp-json\/wp\/v2\/users\/2"}],"replies":[{"embeddable":true,"href":"https:\/\/www.sudoestehoje.com.br\/novoportal\/wp-json\/wp\/v2\/comments?post=95913"}],"version-history":[{"count":7,"href":"https:\/\/www.sudoestehoje.com.br\/novoportal\/wp-json\/wp\/v2\/posts\/95913\/revisions"}],"predecessor-version":[{"id":95930,"href":"https:\/\/www.sudoestehoje.com.br\/novoportal\/wp-json\/wp\/v2\/posts\/95913\/revisions\/95930"}],"wp:featuredmedia":[{"embeddable":true,"href":"https:\/\/www.sudoestehoje.com.br\/novoportal\/wp-json\/wp\/v2\/media\/95916"}],"wp:attachment":[{"href":"https:\/\/www.sudoestehoje.com.br\/novoportal\/wp-json\/wp\/v2\/media?parent=95913"}],"wp:term":[{"taxonomy":"category","embeddable":true,"href":"https:\/\/www.sudoestehoje.com.br\/novoportal\/wp-json\/wp\/v2\/categories?post=95913"},{"taxonomy":"post_tag","embeddable":true,"href":"https:\/\/www.sudoestehoje.com.br\/novoportal\/wp-json\/wp\/v2\/tags?post=95913"}],"curies":[{"name":"wp","href":"https:\/\/api.w.org\/{rel}","templated":true}]}}