
{"id":95907,"date":"2021-07-17T20:44:33","date_gmt":"2021-07-17T23:44:33","guid":{"rendered":"https:\/\/www.sudoestehoje.com.br\/novoportal\/?p=95907"},"modified":"2021-07-17T20:44:33","modified_gmt":"2021-07-17T23:44:33","slug":"bahia-registra-quase-3-mil-novos-casos-de-covid-19-e-mais-58-mortes-em-24-horas","status":"publish","type":"post","link":"https:\/\/www.sudoestehoje.com.br\/novoportal\/2021\/07\/17\/bahia-registra-quase-3-mil-novos-casos-de-covid-19-e-mais-58-mortes-em-24-horas\/","title":{"rendered":"BAHIA REGISTRA QUASE 3 MIL NOVOS CASOS DE COVID-19 E MAIS 58 MORTES EM 24 HORAS"},"content":{"rendered":"<p><a href=\"https:\/\/www.sudoestehoje.com.br\/novoportal\/wp-content\/uploads\/2021\/07\/Casos-Covid.jpg\"><img loading=\"lazy\" decoding=\"async\" class=\"aligncenter size-medium wp-image-95909\" src=\"https:\/\/www.sudoestehoje.com.br\/novoportal\/wp-content\/uploads\/2021\/07\/Casos-Covid-500x281.jpg\" alt=\"\" width=\"500\" height=\"281\" srcset=\"https:\/\/www.sudoestehoje.com.br\/novoportal\/wp-content\/uploads\/2021\/07\/Casos-Covid-500x281.jpg 500w, https:\/\/www.sudoestehoje.com.br\/novoportal\/wp-content\/uploads\/2021\/07\/Casos-Covid-700x394.jpg 700w, https:\/\/www.sudoestehoje.com.br\/novoportal\/wp-content\/uploads\/2021\/07\/Casos-Covid-768x432.jpg 768w, https:\/\/www.sudoestehoje.com.br\/novoportal\/wp-content\/uploads\/2021\/07\/Casos-Covid.jpg 1200w\" sizes=\"auto, (max-width: 500px) 100vw, 500px\" \/><\/a><\/p>\n<p>Na Bahia, nas \u00faltimas 24 horas, foram registrados 2.915 casos de Covid-19 (taxa de crescimento de +0,2%) e 2.409 recuperados (+0,2%). O boletim epidemiol\u00f3gico deste s\u00e1bado (17) tamb\u00e9m registra 58 \u00f3bitos. Apesar de as mortes terem ocorrido em diversas datas, a confirma\u00e7\u00e3o e registro foram realizados hoje (17). Dos 1.171.292 casos confirmados desde o in\u00edcio da pandemia, 1.135.624 j\u00e1 s\u00e3o considerados recuperados, 10.502 encontram-se ativos e 25.166 tiveram \u00f3bito confirmado.<\/p>\n<p>O boletim epidemiol\u00f3gico contabiliza ainda 1.408.531 casos descartados e 230.362 em investiga\u00e7\u00e3o. Estes dados representam notifica\u00e7\u00f5es oficiais compiladas pela Diretoria de Vigil\u00e2ncia Epidemiol\u00f3gica em Sa\u00fade da Bahia (Divep-BA), em conjunto com as vigil\u00e2ncias municipais e as bases de dados do Minist\u00e9rio da Sa\u00fade at\u00e9 as 17 horas deste s\u00e1bado. Na Bahia, 51.160 profissionais de sa\u00fade foram confirmados para Covid-19. O n\u00famero deste s\u00e1bado \u00e9 menor que o desta sexta por conta de uma corre\u00e7\u00e3o no banco de dados.<\/p>\n<p>O n\u00famero total de \u00f3bitos por Covid-19 na Bahia desde o in\u00edcio da pandemia \u00e9 de 25.166, representando uma letalidade de 2,15%.<\/p>\n","protected":false},"excerpt":{"rendered":"<p>Na Bahia, nas \u00faltimas 24 horas, foram registrados 2.915 casos de Covid-19 (taxa de crescimento de +0,2%) e 2.409 recuperados (+0,2%). O boletim epidemiol\u00f3gico deste s\u00e1bado (17) tamb\u00e9m registra 58 \u00f3bitos. Apesar de as mortes terem ocorrido em diversas datas, a confirma\u00e7\u00e3o e registro foram realizados hoje (17). Dos 1.171.292 casos confirmados desde o in\u00edcio [&hellip;]<\/p>\n","protected":false},"author":2,"featured_media":95909,"comment_status":"open","ping_status":"open","sticky":false,"template":"","format":"standard","meta":{"footnotes":"","_links_to":"","_links_to_target":""},"categories":[1],"tags":[],"class_list":["post-95907","post","type-post","status-publish","format-standard","has-post-thumbnail","hentry","category-geral"],"views":775,"_links":{"self":[{"href":"https:\/\/www.sudoestehoje.com.br\/novoportal\/wp-json\/wp\/v2\/posts\/95907","targetHints":{"allow":["GET"]}}],"collection":[{"href":"https:\/\/www.sudoestehoje.com.br\/novoportal\/wp-json\/wp\/v2\/posts"}],"about":[{"href":"https:\/\/www.sudoestehoje.com.br\/novoportal\/wp-json\/wp\/v2\/types\/post"}],"author":[{"embeddable":true,"href":"https:\/\/www.sudoestehoje.com.br\/novoportal\/wp-json\/wp\/v2\/users\/2"}],"replies":[{"embeddable":true,"href":"https:\/\/www.sudoestehoje.com.br\/novoportal\/wp-json\/wp\/v2\/comments?post=95907"}],"version-history":[{"count":2,"href":"https:\/\/www.sudoestehoje.com.br\/novoportal\/wp-json\/wp\/v2\/posts\/95907\/revisions"}],"predecessor-version":[{"id":95910,"href":"https:\/\/www.sudoestehoje.com.br\/novoportal\/wp-json\/wp\/v2\/posts\/95907\/revisions\/95910"}],"wp:featuredmedia":[{"embeddable":true,"href":"https:\/\/www.sudoestehoje.com.br\/novoportal\/wp-json\/wp\/v2\/media\/95909"}],"wp:attachment":[{"href":"https:\/\/www.sudoestehoje.com.br\/novoportal\/wp-json\/wp\/v2\/media?parent=95907"}],"wp:term":[{"taxonomy":"category","embeddable":true,"href":"https:\/\/www.sudoestehoje.com.br\/novoportal\/wp-json\/wp\/v2\/categories?post=95907"},{"taxonomy":"post_tag","embeddable":true,"href":"https:\/\/www.sudoestehoje.com.br\/novoportal\/wp-json\/wp\/v2\/tags?post=95907"}],"curies":[{"name":"wp","href":"https:\/\/api.w.org\/{rel}","templated":true}]}}