
{"id":95895,"date":"2021-07-15T22:39:03","date_gmt":"2021-07-16T01:39:03","guid":{"rendered":"https:\/\/www.sudoestehoje.com.br\/novoportal\/?p=95895"},"modified":"2021-07-15T22:39:03","modified_gmt":"2021-07-16T01:39:03","slug":"covid-19-bahia-ultrapassa-marca-das-25-mil-mortes-com-quase-12-milhao-de-casos","status":"publish","type":"post","link":"https:\/\/www.sudoestehoje.com.br\/novoportal\/2021\/07\/15\/covid-19-bahia-ultrapassa-marca-das-25-mil-mortes-com-quase-12-milhao-de-casos\/","title":{"rendered":"COVID-19: BAHIA ULTRAPASSA MARCA DAS 25 MIL MORTES COM QUASE 1,2 MILH\u00c3O DE CASOS"},"content":{"rendered":"<p><a href=\"https:\/\/www.sudoestehoje.com.br\/novoportal\/wp-content\/uploads\/2021\/07\/a2.jpg\"><img loading=\"lazy\" decoding=\"async\" class=\"aligncenter size-medium wp-image-95897\" src=\"https:\/\/www.sudoestehoje.com.br\/novoportal\/wp-content\/uploads\/2021\/07\/a2-500x313.jpg\" alt=\"\" width=\"500\" height=\"313\" srcset=\"https:\/\/www.sudoestehoje.com.br\/novoportal\/wp-content\/uploads\/2021\/07\/a2-500x313.jpg 500w, https:\/\/www.sudoestehoje.com.br\/novoportal\/wp-content\/uploads\/2021\/07\/a2-700x438.jpg 700w, https:\/\/www.sudoestehoje.com.br\/novoportal\/wp-content\/uploads\/2021\/07\/a2-768x481.jpg 768w, https:\/\/www.sudoestehoje.com.br\/novoportal\/wp-content\/uploads\/2021\/07\/a2.jpg 984w\" sizes=\"auto, (max-width: 500px) 100vw, 500px\" \/><\/a><\/p>\n<p>A Bahia ultrapassou nesta quinta-feira (15) a marca de 25 mil mortes causadas pela Covid-19, segundo dados da Central Integrada de Comando e Controle da Sa\u00fade, da Secretaria da Sa\u00fade do Estado (Sesab).<\/p>\n<p>H\u00e1 dois meses, o estado tinha chegado aos 20 mil mortos, v\u00edtimas da doen\u00e7a. J\u00e1 o n\u00famero de casos acumulados desde o princ\u00edpio da pandemia \u00e9 de 1.164.162 casos confirmados, sendo que 1.128.354 j\u00e1 se recuperaram. Hoje, s\u00e3o10.808 casos ativos da Covid-19<\/p>\n<p>A taxa de ocupa\u00e7\u00e3o de leitos de UTI adulto exclusivos para pessoas contaminadas com o coronav\u00edrus \u00e9 de 58%, com 915 pessoas internadas. J\u00e1 nas UTIs pedi\u00e1tricas, 25 das 35 est\u00e3o com crian\u00e7as internadas, o que representa uma taxa de ocupa\u00e7\u00e3o de 71%.<\/p>\n<p>Quando ultrapassou as 20 mil mortes, a Bahia tinha ocupa\u00e7\u00e3o de 85% nos leitos de UTI para adultos.<\/p>\n","protected":false},"excerpt":{"rendered":"<p>A Bahia ultrapassou nesta quinta-feira (15) a marca de 25 mil mortes causadas pela Covid-19, segundo dados da Central Integrada de Comando e Controle da Sa\u00fade, da Secretaria da Sa\u00fade do Estado (Sesab). H\u00e1 dois meses, o estado tinha chegado aos 20 mil mortos, v\u00edtimas da doen\u00e7a. J\u00e1 o n\u00famero de casos acumulados desde o [&hellip;]<\/p>\n","protected":false},"author":2,"featured_media":95897,"comment_status":"open","ping_status":"open","sticky":false,"template":"","format":"standard","meta":{"footnotes":"","_links_to":"","_links_to_target":""},"categories":[1],"tags":[],"class_list":["post-95895","post","type-post","status-publish","format-standard","has-post-thumbnail","hentry","category-geral"],"views":928,"_links":{"self":[{"href":"https:\/\/www.sudoestehoje.com.br\/novoportal\/wp-json\/wp\/v2\/posts\/95895","targetHints":{"allow":["GET"]}}],"collection":[{"href":"https:\/\/www.sudoestehoje.com.br\/novoportal\/wp-json\/wp\/v2\/posts"}],"about":[{"href":"https:\/\/www.sudoestehoje.com.br\/novoportal\/wp-json\/wp\/v2\/types\/post"}],"author":[{"embeddable":true,"href":"https:\/\/www.sudoestehoje.com.br\/novoportal\/wp-json\/wp\/v2\/users\/2"}],"replies":[{"embeddable":true,"href":"https:\/\/www.sudoestehoje.com.br\/novoportal\/wp-json\/wp\/v2\/comments?post=95895"}],"version-history":[{"count":2,"href":"https:\/\/www.sudoestehoje.com.br\/novoportal\/wp-json\/wp\/v2\/posts\/95895\/revisions"}],"predecessor-version":[{"id":95898,"href":"https:\/\/www.sudoestehoje.com.br\/novoportal\/wp-json\/wp\/v2\/posts\/95895\/revisions\/95898"}],"wp:featuredmedia":[{"embeddable":true,"href":"https:\/\/www.sudoestehoje.com.br\/novoportal\/wp-json\/wp\/v2\/media\/95897"}],"wp:attachment":[{"href":"https:\/\/www.sudoestehoje.com.br\/novoportal\/wp-json\/wp\/v2\/media?parent=95895"}],"wp:term":[{"taxonomy":"category","embeddable":true,"href":"https:\/\/www.sudoestehoje.com.br\/novoportal\/wp-json\/wp\/v2\/categories?post=95895"},{"taxonomy":"post_tag","embeddable":true,"href":"https:\/\/www.sudoestehoje.com.br\/novoportal\/wp-json\/wp\/v2\/tags?post=95895"}],"curies":[{"name":"wp","href":"https:\/\/api.w.org\/{rel}","templated":true}]}}