
{"id":95880,"date":"2021-07-14T20:53:39","date_gmt":"2021-07-14T23:53:39","guid":{"rendered":"https:\/\/www.sudoestehoje.com.br\/novoportal\/?p=95880"},"modified":"2021-07-14T20:53:52","modified_gmt":"2021-07-14T23:53:52","slug":"dj-ivis-e-preso-por-agressao-a-ex-mulher","status":"publish","type":"post","link":"https:\/\/www.sudoestehoje.com.br\/novoportal\/2021\/07\/14\/dj-ivis-e-preso-por-agressao-a-ex-mulher\/","title":{"rendered":"DJ IVIS \u00c9 PRESO POR AGRESS\u00c3O \u00c0 EX-MULHER"},"content":{"rendered":"<p><a href=\"https:\/\/www.sudoestehoje.com.br\/novoportal\/wp-content\/uploads\/2021\/07\/1_djivispreso-18534976.jpg\"><img loading=\"lazy\" decoding=\"async\" class=\"aligncenter size-medium wp-image-95882\" src=\"https:\/\/www.sudoestehoje.com.br\/novoportal\/wp-content\/uploads\/2021\/07\/1_djivispreso-18534976-500x275.jpg\" alt=\"\" width=\"500\" height=\"275\" srcset=\"https:\/\/www.sudoestehoje.com.br\/novoportal\/wp-content\/uploads\/2021\/07\/1_djivispreso-18534976-500x275.jpg 500w, https:\/\/www.sudoestehoje.com.br\/novoportal\/wp-content\/uploads\/2021\/07\/1_djivispreso-18534976-700x385.jpg 700w, https:\/\/www.sudoestehoje.com.br\/novoportal\/wp-content\/uploads\/2021\/07\/1_djivispreso-18534976-768x422.jpg 768w, https:\/\/www.sudoestehoje.com.br\/novoportal\/wp-content\/uploads\/2021\/07\/1_djivispreso-18534976.jpg 806w\" sizes=\"auto, (max-width: 500px) 100vw, 500px\" \/><\/a><\/p>\n<p>O m\u00fasico Iverson de Souza Ara\u00fajo, conhecido como\u00a0<b>DJ Ivis<\/b>, 29, foi preso na tarde desta quarta-feira (14), no Cear\u00e1, ap\u00f3s sua ex-mulher, Pamella Holanda, 27, denunciar uma s\u00e9rie de agress\u00f5es.<\/p>\n<p>A deten\u00e7\u00e3o foi confirmada pelo governador do estado, Camilo Santana (PT), nas redes sociais.<\/p>\n","protected":false},"excerpt":{"rendered":"<p>O m\u00fasico Iverson de Souza Ara\u00fajo, conhecido como\u00a0DJ Ivis, 29, foi preso na tarde desta quarta-feira (14), no Cear\u00e1, ap\u00f3s sua ex-mulher, Pamella Holanda, 27, denunciar uma s\u00e9rie de agress\u00f5es. A deten\u00e7\u00e3o foi confirmada pelo governador do estado, Camilo Santana (PT), nas redes sociais.<\/p>\n","protected":false},"author":2,"featured_media":95882,"comment_status":"open","ping_status":"open","sticky":false,"template":"","format":"standard","meta":{"footnotes":"","_links_to":"","_links_to_target":""},"categories":[1],"tags":[],"class_list":["post-95880","post","type-post","status-publish","format-standard","has-post-thumbnail","hentry","category-geral"],"views":1033,"_links":{"self":[{"href":"https:\/\/www.sudoestehoje.com.br\/novoportal\/wp-json\/wp\/v2\/posts\/95880","targetHints":{"allow":["GET"]}}],"collection":[{"href":"https:\/\/www.sudoestehoje.com.br\/novoportal\/wp-json\/wp\/v2\/posts"}],"about":[{"href":"https:\/\/www.sudoestehoje.com.br\/novoportal\/wp-json\/wp\/v2\/types\/post"}],"author":[{"embeddable":true,"href":"https:\/\/www.sudoestehoje.com.br\/novoportal\/wp-json\/wp\/v2\/users\/2"}],"replies":[{"embeddable":true,"href":"https:\/\/www.sudoestehoje.com.br\/novoportal\/wp-json\/wp\/v2\/comments?post=95880"}],"version-history":[{"count":3,"href":"https:\/\/www.sudoestehoje.com.br\/novoportal\/wp-json\/wp\/v2\/posts\/95880\/revisions"}],"predecessor-version":[{"id":95884,"href":"https:\/\/www.sudoestehoje.com.br\/novoportal\/wp-json\/wp\/v2\/posts\/95880\/revisions\/95884"}],"wp:featuredmedia":[{"embeddable":true,"href":"https:\/\/www.sudoestehoje.com.br\/novoportal\/wp-json\/wp\/v2\/media\/95882"}],"wp:attachment":[{"href":"https:\/\/www.sudoestehoje.com.br\/novoportal\/wp-json\/wp\/v2\/media?parent=95880"}],"wp:term":[{"taxonomy":"category","embeddable":true,"href":"https:\/\/www.sudoestehoje.com.br\/novoportal\/wp-json\/wp\/v2\/categories?post=95880"},{"taxonomy":"post_tag","embeddable":true,"href":"https:\/\/www.sudoestehoje.com.br\/novoportal\/wp-json\/wp\/v2\/tags?post=95880"}],"curies":[{"name":"wp","href":"https:\/\/api.w.org\/{rel}","templated":true}]}}