
{"id":95871,"date":"2021-07-14T20:10:12","date_gmt":"2021-07-14T23:10:12","guid":{"rendered":"https:\/\/www.sudoestehoje.com.br\/novoportal\/?p=95871"},"modified":"2021-07-14T20:10:12","modified_gmt":"2021-07-14T23:10:12","slug":"bahia-alunos-que-nao-voltarem-as-aulas-perderao-beneficios-diz-secretario-de-rui-professores-terao-ponto-cortado","status":"publish","type":"post","link":"https:\/\/www.sudoestehoje.com.br\/novoportal\/2021\/07\/14\/bahia-alunos-que-nao-voltarem-as-aulas-perderao-beneficios-diz-secretario-de-rui-professores-terao-ponto-cortado\/","title":{"rendered":"BAHIA: ALUNOS QUE N\u00c3O VOLTAREM \u00c0S AULAS PERDER\u00c3O BENEF\u00cdCIOS, DIZ SECRET\u00c1RIO DE RUI; PROFESSORES TER\u00c3O PONTO CORTADO"},"content":{"rendered":"<p><a href=\"https:\/\/www.sudoestehoje.com.br\/novoportal\/wp-content\/uploads\/2021\/07\/SEC.jpeg\"><img loading=\"lazy\" decoding=\"async\" class=\"aligncenter size-medium wp-image-95875\" src=\"https:\/\/www.sudoestehoje.com.br\/novoportal\/wp-content\/uploads\/2021\/07\/SEC-500x265.jpeg\" alt=\"\" width=\"500\" height=\"265\" srcset=\"https:\/\/www.sudoestehoje.com.br\/novoportal\/wp-content\/uploads\/2021\/07\/SEC-500x265.jpeg 500w, https:\/\/www.sudoestehoje.com.br\/novoportal\/wp-content\/uploads\/2021\/07\/SEC-700x371.jpeg 700w, https:\/\/www.sudoestehoje.com.br\/novoportal\/wp-content\/uploads\/2021\/07\/SEC-768x407.jpeg 768w, https:\/\/www.sudoestehoje.com.br\/novoportal\/wp-content\/uploads\/2021\/07\/SEC.jpeg 1000w\" sizes=\"auto, (max-width: 500px) 100vw, 500px\" \/><\/a><\/p>\n<p>Durante coletiva virtual realizada na manh\u00e3 de hoje, o secret\u00e1rio de Educa\u00e7\u00e3o da Bahia, Jer\u00f4nimo Rodrigues, afirmou que os estudantes que n\u00e3o retornarem \u00e0s aulas ter\u00e3o o benef\u00edcio do Bolsa Presen\u00e7a cortado.<\/p>\n<p>Mais cedo, em entrevista \u00e0\u00a0<em>TV Bahia<\/em>, o governador Rui Costa j\u00e1 havia dito que os\u00a0<a href=\"https:\/\/www.todabahia.com.br\/rui-diz-que-professores-que-nao-comparecerem-as-aulas-terao-salarios-cortados\/\" target=\"_blank\" rel=\"noopener noreferrer\"><strong>professores que n\u00e3o voltarem ao trabalho no dia 26 ter\u00e3o sal\u00e1rios cortados<\/strong><\/a>.<\/p>\n<p>O an\u00fancio de volta \u00e0s aulas foi feito ontem, durante o Papo Correria. O secret\u00e1rio Jer\u00f4nimo Rodrigues afirmou que estudantes, professores e profissionais da categoria s\u00f3 poder\u00e3o se ausentar das escolas caso apresentem atestado m\u00e9dico comprovando a comorbidade.<\/p>\n<p>\u201cAs atividades est\u00e3o sendo retomadas. Caso haja alguma exce\u00e7\u00e3o, ser\u00e1 tratada na condi\u00e7\u00e3o de exce\u00e7\u00e3o. O direito do Bolsa Presen\u00e7a, se n\u00e3o est\u00e1 frequentando agora no remoto, n\u00f3s j\u00e1 suspendemos esse pagamento. Ent\u00e3o, no hibrido [semipresencial] n\u00f3s continuaremos fazendo o padr\u00e3o combinado dentro de uma lei que foi aprovada na assembleia\u201d, disse Rodrigues<\/p>\n<p>O sindicato que representa os professores no estado j\u00e1 se manifestou, afirmando que a categoria n\u00e3o vai voltar \u00e0s salas de aula neste m\u00eas, porque n\u00e3o h\u00e1 vacina\u00e7\u00e3o completa contra a Covid-19.<\/p>\n","protected":false},"excerpt":{"rendered":"<p>Durante coletiva virtual realizada na manh\u00e3 de hoje, o secret\u00e1rio de Educa\u00e7\u00e3o da Bahia, Jer\u00f4nimo Rodrigues, afirmou que os estudantes que n\u00e3o retornarem \u00e0s aulas ter\u00e3o o benef\u00edcio do Bolsa Presen\u00e7a cortado. Mais cedo, em entrevista \u00e0\u00a0TV Bahia, o governador Rui Costa j\u00e1 havia dito que os\u00a0professores que n\u00e3o voltarem ao trabalho no dia 26 [&hellip;]<\/p>\n","protected":false},"author":2,"featured_media":95875,"comment_status":"open","ping_status":"open","sticky":false,"template":"","format":"standard","meta":{"footnotes":"","_links_to":"","_links_to_target":""},"categories":[1],"tags":[],"class_list":["post-95871","post","type-post","status-publish","format-standard","has-post-thumbnail","hentry","category-geral"],"views":868,"_links":{"self":[{"href":"https:\/\/www.sudoestehoje.com.br\/novoportal\/wp-json\/wp\/v2\/posts\/95871","targetHints":{"allow":["GET"]}}],"collection":[{"href":"https:\/\/www.sudoestehoje.com.br\/novoportal\/wp-json\/wp\/v2\/posts"}],"about":[{"href":"https:\/\/www.sudoestehoje.com.br\/novoportal\/wp-json\/wp\/v2\/types\/post"}],"author":[{"embeddable":true,"href":"https:\/\/www.sudoestehoje.com.br\/novoportal\/wp-json\/wp\/v2\/users\/2"}],"replies":[{"embeddable":true,"href":"https:\/\/www.sudoestehoje.com.br\/novoportal\/wp-json\/wp\/v2\/comments?post=95871"}],"version-history":[{"count":4,"href":"https:\/\/www.sudoestehoje.com.br\/novoportal\/wp-json\/wp\/v2\/posts\/95871\/revisions"}],"predecessor-version":[{"id":95876,"href":"https:\/\/www.sudoestehoje.com.br\/novoportal\/wp-json\/wp\/v2\/posts\/95871\/revisions\/95876"}],"wp:featuredmedia":[{"embeddable":true,"href":"https:\/\/www.sudoestehoje.com.br\/novoportal\/wp-json\/wp\/v2\/media\/95875"}],"wp:attachment":[{"href":"https:\/\/www.sudoestehoje.com.br\/novoportal\/wp-json\/wp\/v2\/media?parent=95871"}],"wp:term":[{"taxonomy":"category","embeddable":true,"href":"https:\/\/www.sudoestehoje.com.br\/novoportal\/wp-json\/wp\/v2\/categories?post=95871"},{"taxonomy":"post_tag","embeddable":true,"href":"https:\/\/www.sudoestehoje.com.br\/novoportal\/wp-json\/wp\/v2\/tags?post=95871"}],"curies":[{"name":"wp","href":"https:\/\/api.w.org\/{rel}","templated":true}]}}