
{"id":95866,"date":"2021-07-14T19:58:02","date_gmt":"2021-07-14T22:58:02","guid":{"rendered":"https:\/\/www.sudoestehoje.com.br\/novoportal\/?p=95866"},"modified":"2021-07-14T20:16:23","modified_gmt":"2021-07-14T23:16:23","slug":"bolsonaro-e-transferido-para-sao-paulo-e-pode-passar-por-nova-cirurgia","status":"publish","type":"post","link":"https:\/\/www.sudoestehoje.com.br\/novoportal\/2021\/07\/14\/bolsonaro-e-transferido-para-sao-paulo-e-pode-passar-por-nova-cirurgia\/","title":{"rendered":"BOLSONARO \u00c9 TRANSFERIDO PARA S\u00c3O PAULO E PODE PASSAR POR NOVA CIRURGIA"},"content":{"rendered":"<p><a href=\"https:\/\/www.sudoestehoje.com.br\/novoportal\/wp-content\/uploads\/2021\/07\/BOLSONARO-TRANSF-1.jpg\"><img loading=\"lazy\" decoding=\"async\" class=\"aligncenter size-medium wp-image-95868\" src=\"https:\/\/www.sudoestehoje.com.br\/novoportal\/wp-content\/uploads\/2021\/07\/BOLSONARO-TRANSF-1-500x281.jpg\" alt=\"\" width=\"500\" height=\"281\" srcset=\"https:\/\/www.sudoestehoje.com.br\/novoportal\/wp-content\/uploads\/2021\/07\/BOLSONARO-TRANSF-1-500x281.jpg 500w, https:\/\/www.sudoestehoje.com.br\/novoportal\/wp-content\/uploads\/2021\/07\/BOLSONARO-TRANSF-1.jpg 640w\" sizes=\"auto, (max-width: 500px) 100vw, 500px\" \/><\/a><\/p>\n<p>O presidente\u00a0<a title=\"Jair Bolsonaro\" href=\"https:\/\/www.cnnbrasil.com.br\/tudo-sobre\/jair-bolsonaro\">Jair Bolsonaro<\/a>\u00a0(sem partido)\u00a0<strong>ser\u00e1 transferido para S\u00e3o Paulo<\/strong>\u00a0depois de ter sido internado nesta quarta-feira (14) no\u00a0<strong>Hospital das For\u00e7as Armadas (HFA)<\/strong>, em Bras\u00edlia.\u00a0<strong>Bolsonaro sentiu dores abdominais<\/strong>\u00a0durante a madrugada.<\/p>\n<p>O governo federal informou que foi identificada uma obstru\u00e7\u00e3o intestinal decorrente do atentado a faca ocorrido em 2018, durante a campanha para a Presid\u00eancia da Rep\u00fablica, e que os m\u00e9dicos v\u00e3o avaliar a necessidade de uma cirurgia de emerg\u00eancia.<a href=\"https:\/\/www.sudoestehoje.com.br\/novoportal\/wp-content\/uploads\/2021\/07\/bolsonaro-2-1000x530-1.jpg\"><img loading=\"lazy\" decoding=\"async\" class=\"aligncenter size-medium wp-image-95878\" src=\"https:\/\/www.sudoestehoje.com.br\/novoportal\/wp-content\/uploads\/2021\/07\/bolsonaro-2-1000x530-1-500x265.jpg\" alt=\"\" width=\"500\" height=\"265\" srcset=\"https:\/\/www.sudoestehoje.com.br\/novoportal\/wp-content\/uploads\/2021\/07\/bolsonaro-2-1000x530-1-500x265.jpg 500w, https:\/\/www.sudoestehoje.com.br\/novoportal\/wp-content\/uploads\/2021\/07\/bolsonaro-2-1000x530-1-700x371.jpg 700w, https:\/\/www.sudoestehoje.com.br\/novoportal\/wp-content\/uploads\/2021\/07\/bolsonaro-2-1000x530-1-768x407.jpg 768w, https:\/\/www.sudoestehoje.com.br\/novoportal\/wp-content\/uploads\/2021\/07\/bolsonaro-2-1000x530-1.jpg 1000w\" sizes=\"auto, (max-width: 500px) 100vw, 500px\" \/><\/a><\/p>\n<p>O cirurgi\u00e3o g\u00e1strico do presidente, Antonio Luiz Macedo, viajou \u00e0 Bras\u00edlia para fazer uma avalia\u00e7\u00e3o m\u00e9dica de Bolsonaro. Foi dele a decis\u00e3o de transferir o presidente para a capital paulista.<\/p>\n","protected":false},"excerpt":{"rendered":"<p>O presidente\u00a0Jair Bolsonaro\u00a0(sem partido)\u00a0ser\u00e1 transferido para S\u00e3o Paulo\u00a0depois de ter sido internado nesta quarta-feira (14) no\u00a0Hospital das For\u00e7as Armadas (HFA), em Bras\u00edlia.\u00a0Bolsonaro sentiu dores abdominais\u00a0durante a madrugada. O governo federal informou que foi identificada uma obstru\u00e7\u00e3o intestinal decorrente do atentado a faca ocorrido em 2018, durante a campanha para a Presid\u00eancia da Rep\u00fablica, e que [&hellip;]<\/p>\n","protected":false},"author":2,"featured_media":95868,"comment_status":"open","ping_status":"open","sticky":false,"template":"","format":"standard","meta":{"footnotes":"","_links_to":"","_links_to_target":""},"categories":[1],"tags":[],"class_list":["post-95866","post","type-post","status-publish","format-standard","has-post-thumbnail","hentry","category-geral"],"views":1031,"_links":{"self":[{"href":"https:\/\/www.sudoestehoje.com.br\/novoportal\/wp-json\/wp\/v2\/posts\/95866","targetHints":{"allow":["GET"]}}],"collection":[{"href":"https:\/\/www.sudoestehoje.com.br\/novoportal\/wp-json\/wp\/v2\/posts"}],"about":[{"href":"https:\/\/www.sudoestehoje.com.br\/novoportal\/wp-json\/wp\/v2\/types\/post"}],"author":[{"embeddable":true,"href":"https:\/\/www.sudoestehoje.com.br\/novoportal\/wp-json\/wp\/v2\/users\/2"}],"replies":[{"embeddable":true,"href":"https:\/\/www.sudoestehoje.com.br\/novoportal\/wp-json\/wp\/v2\/comments?post=95866"}],"version-history":[{"count":3,"href":"https:\/\/www.sudoestehoje.com.br\/novoportal\/wp-json\/wp\/v2\/posts\/95866\/revisions"}],"predecessor-version":[{"id":95879,"href":"https:\/\/www.sudoestehoje.com.br\/novoportal\/wp-json\/wp\/v2\/posts\/95866\/revisions\/95879"}],"wp:featuredmedia":[{"embeddable":true,"href":"https:\/\/www.sudoestehoje.com.br\/novoportal\/wp-json\/wp\/v2\/media\/95868"}],"wp:attachment":[{"href":"https:\/\/www.sudoestehoje.com.br\/novoportal\/wp-json\/wp\/v2\/media?parent=95866"}],"wp:term":[{"taxonomy":"category","embeddable":true,"href":"https:\/\/www.sudoestehoje.com.br\/novoportal\/wp-json\/wp\/v2\/categories?post=95866"},{"taxonomy":"post_tag","embeddable":true,"href":"https:\/\/www.sudoestehoje.com.br\/novoportal\/wp-json\/wp\/v2\/tags?post=95866"}],"curies":[{"name":"wp","href":"https:\/\/api.w.org\/{rel}","templated":true}]}}