
{"id":95859,"date":"2021-07-13T22:28:21","date_gmt":"2021-07-14T01:28:21","guid":{"rendered":"https:\/\/www.sudoestehoje.com.br\/novoportal\/?p=95859"},"modified":"2021-07-13T22:34:20","modified_gmt":"2021-07-14T01:34:20","slug":"bandeira-do-colonia-correios-passa-a-entregar-correspondencias-no-vida-nova-a-pedido-do-vereador-helder-ladeia","status":"publish","type":"post","link":"https:\/\/www.sudoestehoje.com.br\/novoportal\/2021\/07\/13\/bandeira-do-colonia-correios-passa-a-entregar-correspondencias-no-vida-nova-a-pedido-do-vereador-helder-ladeia\/","title":{"rendered":"BANDEIRA DO COL\u00d4NIA: CORREIOS PASSA A ENTREGAR CORRESPOND\u00caNCIAS NO VIDA NOVA A PEDIDO DO VEREADOR HELDER LADEIA"},"content":{"rendered":"<p><a href=\"https:\/\/www.sudoestehoje.com.br\/novoportal\/wp-content\/uploads\/2021\/07\/helder-e-rodrigo-1.jpeg\"><img loading=\"lazy\" decoding=\"async\" class=\"aligncenter size-medium wp-image-95862\" src=\"https:\/\/www.sudoestehoje.com.br\/novoportal\/wp-content\/uploads\/2021\/07\/helder-e-rodrigo-1-500x343.jpeg\" alt=\"\" width=\"500\" height=\"343\" srcset=\"https:\/\/www.sudoestehoje.com.br\/novoportal\/wp-content\/uploads\/2021\/07\/helder-e-rodrigo-1-500x343.jpeg 500w, https:\/\/www.sudoestehoje.com.br\/novoportal\/wp-content\/uploads\/2021\/07\/helder-e-rodrigo-1-700x481.jpeg 700w, https:\/\/www.sudoestehoje.com.br\/novoportal\/wp-content\/uploads\/2021\/07\/helder-e-rodrigo-1-768x527.jpeg 768w, https:\/\/www.sudoestehoje.com.br\/novoportal\/wp-content\/uploads\/2021\/07\/helder-e-rodrigo-1.jpeg 958w\" sizes=\"auto, (max-width: 500px) 100vw, 500px\" \/><\/a><\/p>\n<p>No Distrito de Bandeira do Col\u00f4nia, as demandas s\u00e3o in\u00fameras, mas com a aten\u00e7\u00e3o do atuante vereador H\u00e9lder de Bandeira, aos poucos as coisas v\u00e3o entrando nos trilhos.<\/p>\n<p>Quando era apenas funcion\u00e1rio da sa\u00fade, Helder foi um dos idealizadores da t\u00e3o sonhada assist\u00eancia m\u00e9dica no bairro Vida Nova, onde as pessoas se sentiam isoladas ou at\u00e9 mesmo esquecidas. Foi quando, a seu pedido, veio a implanta\u00e7\u00e3o da Unidade B\u00e1sica de Sa\u00fade (UBS) , cuja amplia\u00e7\u00e3o dever\u00e1 ser realizada, por indica\u00e7\u00e3o do edil.<\/p>\n<p>Na \u00faltima quinta-feira (8), o vereador esteve no gabinete do prefeito Rodrigo Hagge, para levar algumas reivindica\u00e7\u00f5es distritais, dentre elas <strong>um antigo pleito dos moradores para que as<\/strong> <strong>correspond\u00eancias dos Correios cheguem \u00e0s suas resid\u00eancias<\/strong>, no que foi plenamente atendido.<\/p>\n<p><a href=\"https:\/\/www.sudoestehoje.com.br\/novoportal\/wp-content\/uploads\/2021\/07\/ENTREGA-CORREIOS-BANDEIRA.jpeg\"><img loading=\"lazy\" decoding=\"async\" class=\"aligncenter size-medium wp-image-95861\" src=\"https:\/\/www.sudoestehoje.com.br\/novoportal\/wp-content\/uploads\/2021\/07\/ENTREGA-CORREIOS-BANDEIRA-500x375.jpeg\" alt=\"\" width=\"500\" height=\"375\" srcset=\"https:\/\/www.sudoestehoje.com.br\/novoportal\/wp-content\/uploads\/2021\/07\/ENTREGA-CORREIOS-BANDEIRA-500x375.jpeg 500w, https:\/\/www.sudoestehoje.com.br\/novoportal\/wp-content\/uploads\/2021\/07\/ENTREGA-CORREIOS-BANDEIRA-700x525.jpeg 700w, https:\/\/www.sudoestehoje.com.br\/novoportal\/wp-content\/uploads\/2021\/07\/ENTREGA-CORREIOS-BANDEIRA-768x576.jpeg 768w, https:\/\/www.sudoestehoje.com.br\/novoportal\/wp-content\/uploads\/2021\/07\/ENTREGA-CORREIOS-BANDEIRA.jpeg 1280w\" sizes=\"auto, (max-width: 500px) 100vw, 500px\" \/><\/a><\/p>\n<p>Com apenas 6 meses de mandato, o vereador H\u00e9lder de Bandeira conseguiu atender aos moradores do bairro Vida Nova, demonstrando que est\u00e1 atento \u00e0s demandas da popula\u00e7\u00e3o de Itapetinga e, especialmente, de Bandeira do Col\u00f4nia, onde tem um grande trabalho prestado na \u00e1rea da sa\u00fade, a\u00e7\u00e3o social e outros setores. <strong><em>\/\/Ascom<\/em><\/strong><\/p>\n","protected":false},"excerpt":{"rendered":"<p>No Distrito de Bandeira do Col\u00f4nia, as demandas s\u00e3o in\u00fameras, mas com a aten\u00e7\u00e3o do atuante vereador H\u00e9lder de Bandeira, aos poucos as coisas v\u00e3o entrando nos trilhos. Quando era apenas funcion\u00e1rio da sa\u00fade, Helder foi um dos idealizadores da t\u00e3o sonhada assist\u00eancia m\u00e9dica no bairro Vida Nova, onde as pessoas se sentiam isoladas ou [&hellip;]<\/p>\n","protected":false},"author":2,"featured_media":95861,"comment_status":"open","ping_status":"open","sticky":false,"template":"","format":"standard","meta":{"footnotes":"","_links_to":"","_links_to_target":""},"categories":[1],"tags":[],"class_list":["post-95859","post","type-post","status-publish","format-standard","has-post-thumbnail","hentry","category-geral"],"views":1232,"_links":{"self":[{"href":"https:\/\/www.sudoestehoje.com.br\/novoportal\/wp-json\/wp\/v2\/posts\/95859","targetHints":{"allow":["GET"]}}],"collection":[{"href":"https:\/\/www.sudoestehoje.com.br\/novoportal\/wp-json\/wp\/v2\/posts"}],"about":[{"href":"https:\/\/www.sudoestehoje.com.br\/novoportal\/wp-json\/wp\/v2\/types\/post"}],"author":[{"embeddable":true,"href":"https:\/\/www.sudoestehoje.com.br\/novoportal\/wp-json\/wp\/v2\/users\/2"}],"replies":[{"embeddable":true,"href":"https:\/\/www.sudoestehoje.com.br\/novoportal\/wp-json\/wp\/v2\/comments?post=95859"}],"version-history":[{"count":3,"href":"https:\/\/www.sudoestehoje.com.br\/novoportal\/wp-json\/wp\/v2\/posts\/95859\/revisions"}],"predecessor-version":[{"id":95864,"href":"https:\/\/www.sudoestehoje.com.br\/novoportal\/wp-json\/wp\/v2\/posts\/95859\/revisions\/95864"}],"wp:featuredmedia":[{"embeddable":true,"href":"https:\/\/www.sudoestehoje.com.br\/novoportal\/wp-json\/wp\/v2\/media\/95861"}],"wp:attachment":[{"href":"https:\/\/www.sudoestehoje.com.br\/novoportal\/wp-json\/wp\/v2\/media?parent=95859"}],"wp:term":[{"taxonomy":"category","embeddable":true,"href":"https:\/\/www.sudoestehoje.com.br\/novoportal\/wp-json\/wp\/v2\/categories?post=95859"},{"taxonomy":"post_tag","embeddable":true,"href":"https:\/\/www.sudoestehoje.com.br\/novoportal\/wp-json\/wp\/v2\/tags?post=95859"}],"curies":[{"name":"wp","href":"https:\/\/api.w.org\/{rel}","templated":true}]}}