
{"id":95848,"date":"2021-07-13T19:47:27","date_gmt":"2021-07-13T22:47:27","guid":{"rendered":"https:\/\/www.sudoestehoje.com.br\/novoportal\/?p=95848"},"modified":"2021-07-13T19:47:27","modified_gmt":"2021-07-13T22:47:27","slug":"aulas-na-rede-estadual-retornam-dia-26-no-modelo-semipresencial-anuncia-governo","status":"publish","type":"post","link":"https:\/\/www.sudoestehoje.com.br\/novoportal\/2021\/07\/13\/aulas-na-rede-estadual-retornam-dia-26-no-modelo-semipresencial-anuncia-governo\/","title":{"rendered":"AULAS NA REDE ESTADUAL RETORNAM DIA 26 NO MODELO SEMIPRESENCIAL, ANUNCIA GOVERNO"},"content":{"rendered":"<p><a href=\"https:\/\/www.sudoestehoje.com.br\/novoportal\/wp-content\/uploads\/2021\/07\/ALUNOS-ESTADO.jpg\"><img loading=\"lazy\" decoding=\"async\" class=\"aligncenter size-medium wp-image-95851\" src=\"https:\/\/www.sudoestehoje.com.br\/novoportal\/wp-content\/uploads\/2021\/07\/ALUNOS-ESTADO-500x235.jpg\" alt=\"\" width=\"500\" height=\"235\" srcset=\"https:\/\/www.sudoestehoje.com.br\/novoportal\/wp-content\/uploads\/2021\/07\/ALUNOS-ESTADO-500x235.jpg 500w, https:\/\/www.sudoestehoje.com.br\/novoportal\/wp-content\/uploads\/2021\/07\/ALUNOS-ESTADO-700x329.jpg 700w, https:\/\/www.sudoestehoje.com.br\/novoportal\/wp-content\/uploads\/2021\/07\/ALUNOS-ESTADO.jpg 750w\" sizes=\"auto, (max-width: 500px) 100vw, 500px\" \/><\/a><\/p>\n<p>A Bahia poder\u00e1 iniciar a partir do dia 26 de julho as atividades escolares no modelo h\u00edbrido em todos os 417 munic\u00edpios. O an\u00fancio foi feito pelo governador Rui Costa (PT) na noite desta ter\u00e7a-feira (13), durante o programa online Papo Correria. A decis\u00e3o ocorre em fun\u00e7\u00e3o da redu\u00e7\u00e3o nos \u00edndices da Covid-19 no estado.<\/p>\n<p>Como anunciado anteriormente, para garantir o distanciamento e conter a possibilidade de aglomera\u00e7\u00f5es, as turmas funcionar\u00e3o presencialmente com 50% da capacidade e as atividades atender\u00e3o a um rod\u00edzio que concilia aulas presenciais e remotas. Uma parte dos estudantes frequentar\u00e1 as segundas, quartas e sextas, enquanto a outra as ter\u00e7as, quintas e s\u00e1bados. Detalhes sobre a divis\u00e3o dos grupos ser\u00e3o anunciados pela Secretaria de Educa\u00e7\u00e3o do Estado ao longo da semana. As escolas tamb\u00e9m ter\u00e3o possibilidade de fazer ajustes a depender das rotinas individuais.<\/p>\n<p>Os estudantes dar\u00e3o continuidade a primeira fase do ano letivo 2020\/2021. As atividades escolares presenciais na Bahia foram suspensas em mar\u00e7o de 2020. Na rede estadual, os estudantes ficaram sem aulas at\u00e9 15 de mar\u00e7o de 2021, quando foi iniciado o modelo 100% remoto.<\/p>\n<p>Durante o programa, o governador enfatizou que tamb\u00e9m tem orientado os munic\u00edpios a adotarem as atividades semipresenciais, no entanto, a decis\u00e3o depender\u00e1 de cada gest\u00e3o.<\/p>\n","protected":false},"excerpt":{"rendered":"<p>A Bahia poder\u00e1 iniciar a partir do dia 26 de julho as atividades escolares no modelo h\u00edbrido em todos os 417 munic\u00edpios. O an\u00fancio foi feito pelo governador Rui Costa (PT) na noite desta ter\u00e7a-feira (13), durante o programa online Papo Correria. A decis\u00e3o ocorre em fun\u00e7\u00e3o da redu\u00e7\u00e3o nos \u00edndices da Covid-19 no estado. [&hellip;]<\/p>\n","protected":false},"author":2,"featured_media":95851,"comment_status":"open","ping_status":"open","sticky":false,"template":"","format":"standard","meta":{"footnotes":"","_links_to":"","_links_to_target":""},"categories":[1],"tags":[],"class_list":["post-95848","post","type-post","status-publish","format-standard","has-post-thumbnail","hentry","category-geral"],"views":1418,"_links":{"self":[{"href":"https:\/\/www.sudoestehoje.com.br\/novoportal\/wp-json\/wp\/v2\/posts\/95848","targetHints":{"allow":["GET"]}}],"collection":[{"href":"https:\/\/www.sudoestehoje.com.br\/novoportal\/wp-json\/wp\/v2\/posts"}],"about":[{"href":"https:\/\/www.sudoestehoje.com.br\/novoportal\/wp-json\/wp\/v2\/types\/post"}],"author":[{"embeddable":true,"href":"https:\/\/www.sudoestehoje.com.br\/novoportal\/wp-json\/wp\/v2\/users\/2"}],"replies":[{"embeddable":true,"href":"https:\/\/www.sudoestehoje.com.br\/novoportal\/wp-json\/wp\/v2\/comments?post=95848"}],"version-history":[{"count":3,"href":"https:\/\/www.sudoestehoje.com.br\/novoportal\/wp-json\/wp\/v2\/posts\/95848\/revisions"}],"predecessor-version":[{"id":95852,"href":"https:\/\/www.sudoestehoje.com.br\/novoportal\/wp-json\/wp\/v2\/posts\/95848\/revisions\/95852"}],"wp:featuredmedia":[{"embeddable":true,"href":"https:\/\/www.sudoestehoje.com.br\/novoportal\/wp-json\/wp\/v2\/media\/95851"}],"wp:attachment":[{"href":"https:\/\/www.sudoestehoje.com.br\/novoportal\/wp-json\/wp\/v2\/media?parent=95848"}],"wp:term":[{"taxonomy":"category","embeddable":true,"href":"https:\/\/www.sudoestehoje.com.br\/novoportal\/wp-json\/wp\/v2\/categories?post=95848"},{"taxonomy":"post_tag","embeddable":true,"href":"https:\/\/www.sudoestehoje.com.br\/novoportal\/wp-json\/wp\/v2\/tags?post=95848"}],"curies":[{"name":"wp","href":"https:\/\/api.w.org\/{rel}","templated":true}]}}