
{"id":95836,"date":"2021-07-12T21:57:12","date_gmt":"2021-07-13T00:57:12","guid":{"rendered":"https:\/\/www.sudoestehoje.com.br\/novoportal\/?p=95836"},"modified":"2021-07-12T21:57:12","modified_gmt":"2021-07-13T00:57:12","slug":"educacao-feira-de-santana-autoriza-aulas-semipresenciais-a-partir-do-dia-19","status":"publish","type":"post","link":"https:\/\/www.sudoestehoje.com.br\/novoportal\/2021\/07\/12\/educacao-feira-de-santana-autoriza-aulas-semipresenciais-a-partir-do-dia-19\/","title":{"rendered":"EDUCA\u00c7\u00c3O: FEIRA DE SANTANA AUTORIZA AULAS SEMIPRESENCIAIS A PARTIR DO DIA 19"},"content":{"rendered":"<p><a href=\"https:\/\/www.sudoestehoje.com.br\/novoportal\/wp-content\/uploads\/2021\/07\/Feira-de-Santana-1000x530-1.jpg\"><img loading=\"lazy\" decoding=\"async\" class=\"aligncenter size-medium wp-image-95837\" src=\"https:\/\/www.sudoestehoje.com.br\/novoportal\/wp-content\/uploads\/2021\/07\/Feira-de-Santana-1000x530-1-500x265.jpg\" alt=\"\" width=\"500\" height=\"265\" srcset=\"https:\/\/www.sudoestehoje.com.br\/novoportal\/wp-content\/uploads\/2021\/07\/Feira-de-Santana-1000x530-1-500x265.jpg 500w, https:\/\/www.sudoestehoje.com.br\/novoportal\/wp-content\/uploads\/2021\/07\/Feira-de-Santana-1000x530-1-700x371.jpg 700w, https:\/\/www.sudoestehoje.com.br\/novoportal\/wp-content\/uploads\/2021\/07\/Feira-de-Santana-1000x530-1-768x407.jpg 768w, https:\/\/www.sudoestehoje.com.br\/novoportal\/wp-content\/uploads\/2021\/07\/Feira-de-Santana-1000x530-1.jpg 1000w\" sizes=\"auto, (max-width: 500px) 100vw, 500px\" \/><\/a><\/p>\n<p>A prefeitura de Feira de Santana autorizou nesta segunda-feira (12) o retorno das aulas em formato h\u00edbrido (presencial e on-line) na rede privada de ensino a partir do dia 19 de julho. Pelo decreto, a realiza\u00e7\u00e3o das atividades letivas fica condicionada \u00e0 ocupa\u00e7\u00e3o m\u00e1xima de 50% da capacidade de cada sala de aula.<\/p>\n<p>O decreto prev\u00ea ainda as medidas de higiene e protocolos sanit\u00e1rios que dever\u00e3o ser adotados pelas escolas, que s\u00e3o o uso obrigat\u00f3rio de m\u00e1scaras de prote\u00e7\u00e3o; a presen\u00e7a de term\u00f4metros digitais com infravermelhos; e medi\u00e7\u00e3o de temperatura de alunos e trabalhadores.<\/p>\n<p>Outras medidas s\u00e3o redu\u00e7\u00e3o, ao m\u00e1ximo, do n\u00famero de pessoas circulando pela unidade escolar durante o per\u00edodo de perman\u00eancia dos alunos, restringindo at\u00e9 mesmo o acesso de pais e\/ou respons\u00e1veis, e ado\u00e7\u00e3o de medidas de distanciamento no ambiente escolar, incluindo o revezamento dos hor\u00e1rios de entrada e sa\u00edda e da recrea\u00e7\u00e3o.<\/p>\n<p>O decreto determina ainda que fica estabelecido o prazo de 15 dias para a Secretaria Municipal de Educa\u00e7\u00e3o, em conjunto com a representa\u00e7\u00e3o dos servidores da educa\u00e7\u00e3o, com o Conselho Municipal de Educa\u00e7\u00e3o e com o necess\u00e1rio suporte da Secretaria Municipal de Sa\u00fade, apresentar protocolo sanit\u00e1rio a ser utilizado quando da retomada das aulas, em regime h\u00edbrido, na rede p\u00fablica municipal de ensino.<\/p>\n","protected":false},"excerpt":{"rendered":"<p>A prefeitura de Feira de Santana autorizou nesta segunda-feira (12) o retorno das aulas em formato h\u00edbrido (presencial e on-line) na rede privada de ensino a partir do dia 19 de julho. Pelo decreto, a realiza\u00e7\u00e3o das atividades letivas fica condicionada \u00e0 ocupa\u00e7\u00e3o m\u00e1xima de 50% da capacidade de cada sala de aula. O decreto [&hellip;]<\/p>\n","protected":false},"author":2,"featured_media":95837,"comment_status":"open","ping_status":"open","sticky":false,"template":"","format":"standard","meta":{"footnotes":"","_links_to":"","_links_to_target":""},"categories":[1],"tags":[],"class_list":["post-95836","post","type-post","status-publish","format-standard","has-post-thumbnail","hentry","category-geral"],"views":773,"_links":{"self":[{"href":"https:\/\/www.sudoestehoje.com.br\/novoportal\/wp-json\/wp\/v2\/posts\/95836","targetHints":{"allow":["GET"]}}],"collection":[{"href":"https:\/\/www.sudoestehoje.com.br\/novoportal\/wp-json\/wp\/v2\/posts"}],"about":[{"href":"https:\/\/www.sudoestehoje.com.br\/novoportal\/wp-json\/wp\/v2\/types\/post"}],"author":[{"embeddable":true,"href":"https:\/\/www.sudoestehoje.com.br\/novoportal\/wp-json\/wp\/v2\/users\/2"}],"replies":[{"embeddable":true,"href":"https:\/\/www.sudoestehoje.com.br\/novoportal\/wp-json\/wp\/v2\/comments?post=95836"}],"version-history":[{"count":2,"href":"https:\/\/www.sudoestehoje.com.br\/novoportal\/wp-json\/wp\/v2\/posts\/95836\/revisions"}],"predecessor-version":[{"id":95839,"href":"https:\/\/www.sudoestehoje.com.br\/novoportal\/wp-json\/wp\/v2\/posts\/95836\/revisions\/95839"}],"wp:featuredmedia":[{"embeddable":true,"href":"https:\/\/www.sudoestehoje.com.br\/novoportal\/wp-json\/wp\/v2\/media\/95837"}],"wp:attachment":[{"href":"https:\/\/www.sudoestehoje.com.br\/novoportal\/wp-json\/wp\/v2\/media?parent=95836"}],"wp:term":[{"taxonomy":"category","embeddable":true,"href":"https:\/\/www.sudoestehoje.com.br\/novoportal\/wp-json\/wp\/v2\/categories?post=95836"},{"taxonomy":"post_tag","embeddable":true,"href":"https:\/\/www.sudoestehoje.com.br\/novoportal\/wp-json\/wp\/v2\/tags?post=95836"}],"curies":[{"name":"wp","href":"https:\/\/api.w.org\/{rel}","templated":true}]}}