
{"id":95828,"date":"2021-07-12T21:23:56","date_gmt":"2021-07-13T00:23:56","guid":{"rendered":"https:\/\/www.sudoestehoje.com.br\/novoportal\/?p=95828"},"modified":"2021-07-12T21:50:09","modified_gmt":"2021-07-13T00:50:09","slug":"itapetinga-pais-de-alunos-pedem-o-retorno-imediato-as-aulas-presenciais","status":"publish","type":"post","link":"https:\/\/www.sudoestehoje.com.br\/novoportal\/2021\/07\/12\/itapetinga-pais-de-alunos-pedem-o-retorno-imediato-as-aulas-presenciais\/","title":{"rendered":"ITAPETINGA: PAIS DE ALUNOS PEDEM O RETORNO IMEDIATO DAS AULAS PRESENCIAIS"},"content":{"rendered":"<p><a href=\"https:\/\/www.sudoestehoje.com.br\/novoportal\/wp-content\/uploads\/2021\/07\/csm_sala-vazia-paula-froes_e1f6196534.jpg\"><img loading=\"lazy\" decoding=\"async\" class=\"aligncenter size-medium wp-image-95829\" src=\"https:\/\/www.sudoestehoje.com.br\/novoportal\/wp-content\/uploads\/2021\/07\/csm_sala-vazia-paula-froes_e1f6196534-500x334.jpg\" alt=\"\" width=\"500\" height=\"334\" srcset=\"https:\/\/www.sudoestehoje.com.br\/novoportal\/wp-content\/uploads\/2021\/07\/csm_sala-vazia-paula-froes_e1f6196534-500x334.jpg 500w, https:\/\/www.sudoestehoje.com.br\/novoportal\/wp-content\/uploads\/2021\/07\/csm_sala-vazia-paula-froes_e1f6196534-700x468.jpg 700w, https:\/\/www.sudoestehoje.com.br\/novoportal\/wp-content\/uploads\/2021\/07\/csm_sala-vazia-paula-froes_e1f6196534-768x513.jpg 768w, https:\/\/www.sudoestehoje.com.br\/novoportal\/wp-content\/uploads\/2021\/07\/csm_sala-vazia-paula-froes_e1f6196534.jpg 940w\" sizes=\"auto, (max-width: 500px) 100vw, 500px\" \/><\/a><\/p>\n<p>Suspensas desde o in\u00edcio da pandemia, em mar\u00e7o de 2020, as aulas presenciais continuam suspensas nas escolas p\u00fablicas e particulares da Bahia, inclusive em Itapetinga, principal cidade do M\u00e9dio Sudoeste.<\/p>\n<p>Quando as aulas foram suspensas, a expectativa dos pais de alunos era de que o retorno ocorreria em 2 ou 3 meses, mas a pandemia se agravou e de l\u00e1 para c\u00e1 j\u00e1 se passou 1 ano e meio, e nada de aulas, apesar dos v\u00e1rios an\u00fancios frustrados do Governo do Estado.<\/p>\n<p>Ouvida pelo <strong><em>Sudoeste Hoje<\/em><\/strong>, uma educadora de uma escola p\u00fablica foi enf\u00e1tica:<em> \u201cA educa\u00e7\u00e3o do estado e do munic\u00edpio precisa voltar tamb\u00e9m no formato presencial. N\u00e3o podemos mais ter crian\u00e7as em casa sem as rela\u00e7\u00f5es sociais, sem o apoio pedag\u00f3gico, sem os profissionais da educa\u00e7\u00e3o e sem o contato direto com a escola. \u00c9 preciso retornar com responsabilidade, pensando, principalmente, naqueles alunos que n\u00e3o conseguiram ter acesso \u00e0s plataformas digitais ao longo de 2021\u201d<\/em>, destacou.<\/p>\n<p><em>&#8220;A internet funciona como uma fonte de pesquisa, para ser um bra\u00e7o do docente, uma inova\u00e7\u00e3o da pr\u00e1tica pedag\u00f3gica dentro do ambiente virtual. Jamais para tirar o papel fundamental do educador. Por isso, queremos o retorno por meio do modelo h\u00edbrido de ensino e garantir o acesso \u00e0 educa\u00e7\u00e3o para aqueles que mais necessitam\u201d<\/em>, reiterou.<\/p>\n<p>A expectativa dos pais de alunos e educadores \u00e9 de que o retorno das aulas presenciais ou semipresenciais aconte\u00e7a, no mais tardar, ainda neste m\u00eas de julho, se prevalecer a tend\u00eancia de baixa nos n\u00fameros da pandemia.<\/p>\n<p><strong><em>Por Davi Ferraz<\/em><\/strong><\/p>\n","protected":false},"excerpt":{"rendered":"<p>Suspensas desde o in\u00edcio da pandemia, em mar\u00e7o de 2020, as aulas presenciais continuam suspensas nas escolas p\u00fablicas e particulares da Bahia, inclusive em Itapetinga, principal cidade do M\u00e9dio Sudoeste. Quando as aulas foram suspensas, a expectativa dos pais de alunos era de que o retorno ocorreria em 2 ou 3 meses, mas a pandemia [&hellip;]<\/p>\n","protected":false},"author":2,"featured_media":95829,"comment_status":"open","ping_status":"open","sticky":false,"template":"","format":"standard","meta":{"footnotes":"","_links_to":"","_links_to_target":""},"categories":[1],"tags":[],"class_list":["post-95828","post","type-post","status-publish","format-standard","has-post-thumbnail","hentry","category-geral"],"views":787,"_links":{"self":[{"href":"https:\/\/www.sudoestehoje.com.br\/novoportal\/wp-json\/wp\/v2\/posts\/95828","targetHints":{"allow":["GET"]}}],"collection":[{"href":"https:\/\/www.sudoestehoje.com.br\/novoportal\/wp-json\/wp\/v2\/posts"}],"about":[{"href":"https:\/\/www.sudoestehoje.com.br\/novoportal\/wp-json\/wp\/v2\/types\/post"}],"author":[{"embeddable":true,"href":"https:\/\/www.sudoestehoje.com.br\/novoportal\/wp-json\/wp\/v2\/users\/2"}],"replies":[{"embeddable":true,"href":"https:\/\/www.sudoestehoje.com.br\/novoportal\/wp-json\/wp\/v2\/comments?post=95828"}],"version-history":[{"count":6,"href":"https:\/\/www.sudoestehoje.com.br\/novoportal\/wp-json\/wp\/v2\/posts\/95828\/revisions"}],"predecessor-version":[{"id":95835,"href":"https:\/\/www.sudoestehoje.com.br\/novoportal\/wp-json\/wp\/v2\/posts\/95828\/revisions\/95835"}],"wp:featuredmedia":[{"embeddable":true,"href":"https:\/\/www.sudoestehoje.com.br\/novoportal\/wp-json\/wp\/v2\/media\/95829"}],"wp:attachment":[{"href":"https:\/\/www.sudoestehoje.com.br\/novoportal\/wp-json\/wp\/v2\/media?parent=95828"}],"wp:term":[{"taxonomy":"category","embeddable":true,"href":"https:\/\/www.sudoestehoje.com.br\/novoportal\/wp-json\/wp\/v2\/categories?post=95828"},{"taxonomy":"post_tag","embeddable":true,"href":"https:\/\/www.sudoestehoje.com.br\/novoportal\/wp-json\/wp\/v2\/tags?post=95828"}],"curies":[{"name":"wp","href":"https:\/\/api.w.org\/{rel}","templated":true}]}}