
{"id":95824,"date":"2021-07-12T20:26:44","date_gmt":"2021-07-12T23:26:44","guid":{"rendered":"https:\/\/www.sudoestehoje.com.br\/novoportal\/?p=95824"},"modified":"2021-07-12T20:26:44","modified_gmt":"2021-07-12T23:26:44","slug":"itapetinga-vacinacao-continua-para-pessoas-acima-dos-30-anos-na-sede-e-em-bandeira","status":"publish","type":"post","link":"https:\/\/www.sudoestehoje.com.br\/novoportal\/2021\/07\/12\/itapetinga-vacinacao-continua-para-pessoas-acima-dos-30-anos-na-sede-e-em-bandeira\/","title":{"rendered":"ITAPETINGA: VACINA\u00c7\u00c3O CONTINUA PARA PESSOAS ACIMA DOS 30 ANOS NA SEDE E EM BANDEIRA"},"content":{"rendered":"<p><a href=\"https:\/\/www.sudoestehoje.com.br\/novoportal\/wp-content\/uploads\/2021\/07\/30.jpeg\"><img loading=\"lazy\" decoding=\"async\" class=\"aligncenter size-medium wp-image-95826\" src=\"https:\/\/www.sudoestehoje.com.br\/novoportal\/wp-content\/uploads\/2021\/07\/30-500x495.jpeg\" alt=\"\" width=\"500\" height=\"495\" srcset=\"https:\/\/www.sudoestehoje.com.br\/novoportal\/wp-content\/uploads\/2021\/07\/30-500x495.jpeg 500w, https:\/\/www.sudoestehoje.com.br\/novoportal\/wp-content\/uploads\/2021\/07\/30-700x693.jpeg 700w, https:\/\/www.sudoestehoje.com.br\/novoportal\/wp-content\/uploads\/2021\/07\/30-150x150.jpeg 150w, https:\/\/www.sudoestehoje.com.br\/novoportal\/wp-content\/uploads\/2021\/07\/30.jpeg 718w\" sizes=\"auto, (max-width: 500px) 100vw, 500px\" \/><\/a><\/p>\n<p>A prefeitura de Itapetinga segue com a campanha de vacina\u00e7\u00e3o contra a covid-19. Pessoas com mais de 30 anos podem se imunizar em um dos postos de sa\u00fade dispon\u00edveis para a campanha, na sede e no distrito de Bandeira do Col\u00f4nia.<\/p>\n<p>N\u00e3o esque\u00e7am o documento oficial com foto, cart\u00e3o do sus e comprovante de resid\u00eancia e previnam-se.<\/p>\n","protected":false},"excerpt":{"rendered":"<p>A prefeitura de Itapetinga segue com a campanha de vacina\u00e7\u00e3o contra a covid-19. Pessoas com mais de 30 anos podem se imunizar em um dos postos de sa\u00fade dispon\u00edveis para a campanha, na sede e no distrito de Bandeira do Col\u00f4nia. N\u00e3o esque\u00e7am o documento oficial com foto, cart\u00e3o do sus e comprovante de resid\u00eancia [&hellip;]<\/p>\n","protected":false},"author":2,"featured_media":95826,"comment_status":"open","ping_status":"open","sticky":false,"template":"","format":"standard","meta":{"footnotes":"","_links_to":"","_links_to_target":""},"categories":[1],"tags":[],"class_list":["post-95824","post","type-post","status-publish","format-standard","has-post-thumbnail","hentry","category-geral"],"views":905,"_links":{"self":[{"href":"https:\/\/www.sudoestehoje.com.br\/novoportal\/wp-json\/wp\/v2\/posts\/95824","targetHints":{"allow":["GET"]}}],"collection":[{"href":"https:\/\/www.sudoestehoje.com.br\/novoportal\/wp-json\/wp\/v2\/posts"}],"about":[{"href":"https:\/\/www.sudoestehoje.com.br\/novoportal\/wp-json\/wp\/v2\/types\/post"}],"author":[{"embeddable":true,"href":"https:\/\/www.sudoestehoje.com.br\/novoportal\/wp-json\/wp\/v2\/users\/2"}],"replies":[{"embeddable":true,"href":"https:\/\/www.sudoestehoje.com.br\/novoportal\/wp-json\/wp\/v2\/comments?post=95824"}],"version-history":[{"count":2,"href":"https:\/\/www.sudoestehoje.com.br\/novoportal\/wp-json\/wp\/v2\/posts\/95824\/revisions"}],"predecessor-version":[{"id":95827,"href":"https:\/\/www.sudoestehoje.com.br\/novoportal\/wp-json\/wp\/v2\/posts\/95824\/revisions\/95827"}],"wp:featuredmedia":[{"embeddable":true,"href":"https:\/\/www.sudoestehoje.com.br\/novoportal\/wp-json\/wp\/v2\/media\/95826"}],"wp:attachment":[{"href":"https:\/\/www.sudoestehoje.com.br\/novoportal\/wp-json\/wp\/v2\/media?parent=95824"}],"wp:term":[{"taxonomy":"category","embeddable":true,"href":"https:\/\/www.sudoestehoje.com.br\/novoportal\/wp-json\/wp\/v2\/categories?post=95824"},{"taxonomy":"post_tag","embeddable":true,"href":"https:\/\/www.sudoestehoje.com.br\/novoportal\/wp-json\/wp\/v2\/tags?post=95824"}],"curies":[{"name":"wp","href":"https:\/\/api.w.org\/{rel}","templated":true}]}}