
{"id":95778,"date":"2021-07-10T08:59:05","date_gmt":"2021-07-10T11:59:05","guid":{"rendered":"https:\/\/www.sudoestehoje.com.br\/novoportal\/?p=95778"},"modified":"2021-07-10T08:59:05","modified_gmt":"2021-07-10T11:59:05","slug":"fundacao-jose-silveira-comemora-8-anos-no-hospital-cristo-redentor-com-1-100-procedimentos-de-saude","status":"publish","type":"post","link":"https:\/\/www.sudoestehoje.com.br\/novoportal\/2021\/07\/10\/fundacao-jose-silveira-comemora-8-anos-no-hospital-cristo-redentor-com-1-100-procedimentos-de-saude\/","title":{"rendered":"FUNDA\u00c7\u00c3O JOS\u00c9 SILVEIRA COMEMORA 8 ANOS NO HOSPITAL CRISTO REDENTOR COM 1.100 PROCEDIMENTOS DE SA\u00daDE"},"content":{"rendered":"<p><a href=\"https:\/\/www.sudoestehoje.com.br\/novoportal\/wp-content\/uploads\/2021\/07\/8-anos-fjs-1.jpeg\"><img loading=\"lazy\" decoding=\"async\" class=\"aligncenter size-medium wp-image-95782\" src=\"https:\/\/www.sudoestehoje.com.br\/novoportal\/wp-content\/uploads\/2021\/07\/8-anos-fjs-1-500x375.jpeg\" alt=\"\" width=\"500\" height=\"375\" srcset=\"https:\/\/www.sudoestehoje.com.br\/novoportal\/wp-content\/uploads\/2021\/07\/8-anos-fjs-1-500x375.jpeg 500w, https:\/\/www.sudoestehoje.com.br\/novoportal\/wp-content\/uploads\/2021\/07\/8-anos-fjs-1-700x525.jpeg 700w, https:\/\/www.sudoestehoje.com.br\/novoportal\/wp-content\/uploads\/2021\/07\/8-anos-fjs-1-768x576.jpeg 768w, https:\/\/www.sudoestehoje.com.br\/novoportal\/wp-content\/uploads\/2021\/07\/8-anos-fjs-1.jpeg 1024w\" sizes=\"auto, (max-width: 500px) 100vw, 500px\" \/><\/a><\/p>\n<p>Encerrou nesta sexta (9) a A\u00e7\u00e3o de Sa\u00fade comemorativa pelos oito anos de gest\u00e3o da Funda\u00e7\u00e3o Jos\u00e9 Silveira (FJS) no Hospital Cristo Redentor, em Itapetinga\/BA. Durante tr\u00eas dias de atendimentos foram realizados 1.100 procedimentos, entre consultas ginecol\u00f3gicas, exames de mamografia, Raio-X, ultrassonografia e preventivo.<\/p>\n<p><a href=\"https:\/\/www.sudoestehoje.com.br\/novoportal\/wp-content\/uploads\/2021\/07\/8-anos-fjs-2.jpeg\"><img loading=\"lazy\" decoding=\"async\" class=\"aligncenter size-medium wp-image-95783\" src=\"https:\/\/www.sudoestehoje.com.br\/novoportal\/wp-content\/uploads\/2021\/07\/8-anos-fjs-2-500x375.jpeg\" alt=\"\" width=\"500\" height=\"375\" srcset=\"https:\/\/www.sudoestehoje.com.br\/novoportal\/wp-content\/uploads\/2021\/07\/8-anos-fjs-2-500x375.jpeg 500w, https:\/\/www.sudoestehoje.com.br\/novoportal\/wp-content\/uploads\/2021\/07\/8-anos-fjs-2-700x525.jpeg 700w, https:\/\/www.sudoestehoje.com.br\/novoportal\/wp-content\/uploads\/2021\/07\/8-anos-fjs-2-768x576.jpeg 768w, https:\/\/www.sudoestehoje.com.br\/novoportal\/wp-content\/uploads\/2021\/07\/8-anos-fjs-2.jpeg 1024w\" sizes=\"auto, (max-width: 500px) 100vw, 500px\" \/><\/a><\/p>\n<p>Para fechar a semana de celebra\u00e7\u00e3o, a Institui\u00e7\u00e3o promoveu um Culto Ecum\u00eanico em A\u00e7\u00e3o de Gra\u00e7as, com a presen\u00e7a de autoridades e da imprensa local.<\/p>\n<p><a href=\"https:\/\/www.sudoestehoje.com.br\/novoportal\/wp-content\/uploads\/2021\/07\/8-anos-fjs-3.jpeg\"><img loading=\"lazy\" decoding=\"async\" class=\"aligncenter size-medium wp-image-95784\" src=\"https:\/\/www.sudoestehoje.com.br\/novoportal\/wp-content\/uploads\/2021\/07\/8-anos-fjs-3-500x375.jpeg\" alt=\"\" width=\"500\" height=\"375\" srcset=\"https:\/\/www.sudoestehoje.com.br\/novoportal\/wp-content\/uploads\/2021\/07\/8-anos-fjs-3-500x375.jpeg 500w, https:\/\/www.sudoestehoje.com.br\/novoportal\/wp-content\/uploads\/2021\/07\/8-anos-fjs-3-700x525.jpeg 700w, https:\/\/www.sudoestehoje.com.br\/novoportal\/wp-content\/uploads\/2021\/07\/8-anos-fjs-3-768x576.jpeg 768w, https:\/\/www.sudoestehoje.com.br\/novoportal\/wp-content\/uploads\/2021\/07\/8-anos-fjs-3.jpeg 1024w\" sizes=\"auto, (max-width: 500px) 100vw, 500px\" \/><\/a><\/p>\n<p>Na oportunidade, o superintendente institucional e financeiro da FJS, Carlos Dumet, falou sobre a trajet\u00f3ria e parabenizou os colaboradores pela dedica\u00e7\u00e3o.<em> \u201cVivemos muitos momentos desafiadores, os mais de 800 mil atendimentos realizados ao longo de oito anos demonstram a efic\u00e1cia do Hospital, que nada seria sem o trabalho de uma equipe cuidadosa e empenhada em cumprir a miss\u00e3o institucional\u201d<\/em>, concluiu. <strong><em>\/\/Ascom FJS<\/em><\/strong><\/p>\n","protected":false},"excerpt":{"rendered":"<p>Encerrou nesta sexta (9) a A\u00e7\u00e3o de Sa\u00fade comemorativa pelos oito anos de gest\u00e3o da Funda\u00e7\u00e3o Jos\u00e9 Silveira (FJS) no Hospital Cristo Redentor, em Itapetinga\/BA. Durante tr\u00eas dias de atendimentos foram realizados 1.100 procedimentos, entre consultas ginecol\u00f3gicas, exames de mamografia, Raio-X, ultrassonografia e preventivo. Para fechar a semana de celebra\u00e7\u00e3o, a Institui\u00e7\u00e3o promoveu um Culto [&hellip;]<\/p>\n","protected":false},"author":2,"featured_media":95782,"comment_status":"open","ping_status":"open","sticky":false,"template":"","format":"standard","meta":{"footnotes":"","_links_to":"","_links_to_target":""},"categories":[1],"tags":[],"class_list":["post-95778","post","type-post","status-publish","format-standard","has-post-thumbnail","hentry","category-geral"],"views":800,"_links":{"self":[{"href":"https:\/\/www.sudoestehoje.com.br\/novoportal\/wp-json\/wp\/v2\/posts\/95778","targetHints":{"allow":["GET"]}}],"collection":[{"href":"https:\/\/www.sudoestehoje.com.br\/novoportal\/wp-json\/wp\/v2\/posts"}],"about":[{"href":"https:\/\/www.sudoestehoje.com.br\/novoportal\/wp-json\/wp\/v2\/types\/post"}],"author":[{"embeddable":true,"href":"https:\/\/www.sudoestehoje.com.br\/novoportal\/wp-json\/wp\/v2\/users\/2"}],"replies":[{"embeddable":true,"href":"https:\/\/www.sudoestehoje.com.br\/novoportal\/wp-json\/wp\/v2\/comments?post=95778"}],"version-history":[{"count":5,"href":"https:\/\/www.sudoestehoje.com.br\/novoportal\/wp-json\/wp\/v2\/posts\/95778\/revisions"}],"predecessor-version":[{"id":95786,"href":"https:\/\/www.sudoestehoje.com.br\/novoportal\/wp-json\/wp\/v2\/posts\/95778\/revisions\/95786"}],"wp:featuredmedia":[{"embeddable":true,"href":"https:\/\/www.sudoestehoje.com.br\/novoportal\/wp-json\/wp\/v2\/media\/95782"}],"wp:attachment":[{"href":"https:\/\/www.sudoestehoje.com.br\/novoportal\/wp-json\/wp\/v2\/media?parent=95778"}],"wp:term":[{"taxonomy":"category","embeddable":true,"href":"https:\/\/www.sudoestehoje.com.br\/novoportal\/wp-json\/wp\/v2\/categories?post=95778"},{"taxonomy":"post_tag","embeddable":true,"href":"https:\/\/www.sudoestehoje.com.br\/novoportal\/wp-json\/wp\/v2\/tags?post=95778"}],"curies":[{"name":"wp","href":"https:\/\/api.w.org\/{rel}","templated":true}]}}