
{"id":95768,"date":"2021-07-10T00:09:08","date_gmt":"2021-07-10T03:09:08","guid":{"rendered":"https:\/\/www.sudoestehoje.com.br\/novoportal\/?p=95768"},"modified":"2021-07-10T00:11:01","modified_gmt":"2021-07-10T03:11:01","slug":"bahia-com-4-479-casos-de-covid-19-e-96-mortes-em-24-horas-rui-flexibiliza-medidas-e-quer-aulas-presenciais-ainda-em-julho","status":"publish","type":"post","link":"https:\/\/www.sudoestehoje.com.br\/novoportal\/2021\/07\/10\/bahia-com-4-479-casos-de-covid-19-e-96-mortes-em-24-horas-rui-flexibiliza-medidas-e-quer-aulas-presenciais-ainda-em-julho\/","title":{"rendered":"BAHIA: COM 4.479 CASOS DE COVID-19 E 96 MORTES EM 24 HORAS, RUI FLEXIBILIZA MEDIDAS E QUER AULAS PRESENCIAIS AINDA EM JULHO"},"content":{"rendered":"<p><a href=\"https:\/\/www.sudoestehoje.com.br\/novoportal\/wp-content\/uploads\/2021\/07\/20200417214847102055a.jpg\"><img loading=\"lazy\" decoding=\"async\" class=\"aligncenter size-medium wp-image-95773\" src=\"https:\/\/www.sudoestehoje.com.br\/novoportal\/wp-content\/uploads\/2021\/07\/20200417214847102055a-500x300.jpg\" alt=\"\" width=\"500\" height=\"300\" srcset=\"https:\/\/www.sudoestehoje.com.br\/novoportal\/wp-content\/uploads\/2021\/07\/20200417214847102055a-500x300.jpg 500w, https:\/\/www.sudoestehoje.com.br\/novoportal\/wp-content\/uploads\/2021\/07\/20200417214847102055a-700x420.jpg 700w, https:\/\/www.sudoestehoje.com.br\/novoportal\/wp-content\/uploads\/2021\/07\/20200417214847102055a-768x461.jpg 768w, https:\/\/www.sudoestehoje.com.br\/novoportal\/wp-content\/uploads\/2021\/07\/20200417214847102055a.jpg 790w\" sizes=\"auto, (max-width: 500px) 100vw, 500px\" \/><\/a><\/p>\n<p>A Bahia registrou nas \u00faltimas 24 horas, <strong>4.479 novos casos de Covid-19<\/strong> e 3.419 recuperados. De acordo com o boletim epidemiol\u00f3gico desta sexta-feira (9), <strong>96 \u00f3bitos<\/strong> foram registrados em todo Estado.<\/p>\n<p>Ainda de acordo com o boletim epidemiol\u00f3gico, 1.390.314 casos foram descartados e 233.078 est\u00e3o em investiga\u00e7\u00e3o.<\/p>\n<p><strong>O n\u00famero total de \u00f3bitos por Covid-19 na Bahia desde o in\u00edcio da pandemia \u00e9 de 24.670<\/strong>, representando uma letalidade de 2,14%.<\/p>\n<p>Mesmo assim, o governador Rui Costa anunciou nesta sexta algumas medidas que afrouxam o combate \u00e0 pandemia e fala no retorno \u00e0s aulas presenciais neste m\u00eas de julho, usando como par\u00e2metro apenas a ocupa\u00e7\u00e3o dos leitos de UTI.<\/p>\n<p><strong><em>Por Davi Ferraz<\/em><\/strong><\/p>\n","protected":false},"excerpt":{"rendered":"<p>A Bahia registrou nas \u00faltimas 24 horas, 4.479 novos casos de Covid-19 e 3.419 recuperados. De acordo com o boletim epidemiol\u00f3gico desta sexta-feira (9), 96 \u00f3bitos foram registrados em todo Estado. Ainda de acordo com o boletim epidemiol\u00f3gico, 1.390.314 casos foram descartados e 233.078 est\u00e3o em investiga\u00e7\u00e3o. O n\u00famero total de \u00f3bitos por Covid-19 na [&hellip;]<\/p>\n","protected":false},"author":2,"featured_media":95773,"comment_status":"open","ping_status":"open","sticky":false,"template":"","format":"standard","meta":{"footnotes":"","_links_to":"","_links_to_target":""},"categories":[1],"tags":[],"class_list":["post-95768","post","type-post","status-publish","format-standard","has-post-thumbnail","hentry","category-geral"],"views":920,"_links":{"self":[{"href":"https:\/\/www.sudoestehoje.com.br\/novoportal\/wp-json\/wp\/v2\/posts\/95768","targetHints":{"allow":["GET"]}}],"collection":[{"href":"https:\/\/www.sudoestehoje.com.br\/novoportal\/wp-json\/wp\/v2\/posts"}],"about":[{"href":"https:\/\/www.sudoestehoje.com.br\/novoportal\/wp-json\/wp\/v2\/types\/post"}],"author":[{"embeddable":true,"href":"https:\/\/www.sudoestehoje.com.br\/novoportal\/wp-json\/wp\/v2\/users\/2"}],"replies":[{"embeddable":true,"href":"https:\/\/www.sudoestehoje.com.br\/novoportal\/wp-json\/wp\/v2\/comments?post=95768"}],"version-history":[{"count":8,"href":"https:\/\/www.sudoestehoje.com.br\/novoportal\/wp-json\/wp\/v2\/posts\/95768\/revisions"}],"predecessor-version":[{"id":95777,"href":"https:\/\/www.sudoestehoje.com.br\/novoportal\/wp-json\/wp\/v2\/posts\/95768\/revisions\/95777"}],"wp:featuredmedia":[{"embeddable":true,"href":"https:\/\/www.sudoestehoje.com.br\/novoportal\/wp-json\/wp\/v2\/media\/95773"}],"wp:attachment":[{"href":"https:\/\/www.sudoestehoje.com.br\/novoportal\/wp-json\/wp\/v2\/media?parent=95768"}],"wp:term":[{"taxonomy":"category","embeddable":true,"href":"https:\/\/www.sudoestehoje.com.br\/novoportal\/wp-json\/wp\/v2\/categories?post=95768"},{"taxonomy":"post_tag","embeddable":true,"href":"https:\/\/www.sudoestehoje.com.br\/novoportal\/wp-json\/wp\/v2\/tags?post=95768"}],"curies":[{"name":"wp","href":"https:\/\/api.w.org\/{rel}","templated":true}]}}