
{"id":95764,"date":"2021-07-09T22:55:13","date_gmt":"2021-07-10T01:55:13","guid":{"rendered":"https:\/\/www.sudoestehoje.com.br\/novoportal\/?p=95764"},"modified":"2021-07-09T22:55:13","modified_gmt":"2021-07-10T01:55:13","slug":"otto-alencar-anuncia-que-esta-com-covid-19","status":"publish","type":"post","link":"https:\/\/www.sudoestehoje.com.br\/novoportal\/2021\/07\/09\/otto-alencar-anuncia-que-esta-com-covid-19\/","title":{"rendered":"OTTO ALENCAR ANUNCIA QUE EST\u00c1 COM COVID-19"},"content":{"rendered":"<p><a href=\"https:\/\/www.sudoestehoje.com.br\/novoportal\/wp-content\/uploads\/2021\/07\/1_senador_otto_alencar__foto___jefferson_rudy-6684355.jpg\"><img loading=\"lazy\" decoding=\"async\" class=\"aligncenter size-medium wp-image-95766\" src=\"https:\/\/www.sudoestehoje.com.br\/novoportal\/wp-content\/uploads\/2021\/07\/1_senador_otto_alencar__foto___jefferson_rudy-6684355-500x344.jpg\" alt=\"\" width=\"500\" height=\"344\" srcset=\"https:\/\/www.sudoestehoje.com.br\/novoportal\/wp-content\/uploads\/2021\/07\/1_senador_otto_alencar__foto___jefferson_rudy-6684355-500x344.jpg 500w, https:\/\/www.sudoestehoje.com.br\/novoportal\/wp-content\/uploads\/2021\/07\/1_senador_otto_alencar__foto___jefferson_rudy-6684355-700x482.jpg 700w, https:\/\/www.sudoestehoje.com.br\/novoportal\/wp-content\/uploads\/2021\/07\/1_senador_otto_alencar__foto___jefferson_rudy-6684355.jpg 766w\" sizes=\"auto, (max-width: 500px) 100vw, 500px\" \/><\/a><\/p>\n<p>O senador Otto Alencar (PSD), um dos membros da CPI da Covid, anunciou nesta sexta-feira (9) que foi diagnosticado com o novo coronav\u00edrus. A informa\u00e7\u00e3o foi publicada por meio de nota oficial no Instagram.<\/p>\n<p>O parlamentar ressaltou que, por estar vacinado, n\u00e3o apresentou falta de ar ou febre. No entanto, tem sintomas de gripe, coriza e \u201cdiscreta\u201d dor de cabe\u00e7a.<\/p>\n<p>\u201cCom f\u00e9 em Deus, logo estarei de volta ao trabalho. Sempre usei m\u00e1scaras, \u00e1lcool gel e n\u00e3o participei de aglomera\u00e7\u00f5es. O v\u00edrus est\u00e1 comunit\u00e1rio. Todos devem se cuidar muito e manter as medidas de seguran\u00e7a recomendadas pelas autoridades sanit\u00e1rias\u201d, escreveu o senador.<\/p>\n","protected":false},"excerpt":{"rendered":"<p>O senador Otto Alencar (PSD), um dos membros da CPI da Covid, anunciou nesta sexta-feira (9) que foi diagnosticado com o novo coronav\u00edrus. A informa\u00e7\u00e3o foi publicada por meio de nota oficial no Instagram. O parlamentar ressaltou que, por estar vacinado, n\u00e3o apresentou falta de ar ou febre. No entanto, tem sintomas de gripe, coriza [&hellip;]<\/p>\n","protected":false},"author":2,"featured_media":95766,"comment_status":"open","ping_status":"open","sticky":false,"template":"","format":"standard","meta":{"footnotes":"","_links_to":"","_links_to_target":""},"categories":[1],"tags":[],"class_list":["post-95764","post","type-post","status-publish","format-standard","has-post-thumbnail","hentry","category-geral"],"views":1024,"_links":{"self":[{"href":"https:\/\/www.sudoestehoje.com.br\/novoportal\/wp-json\/wp\/v2\/posts\/95764","targetHints":{"allow":["GET"]}}],"collection":[{"href":"https:\/\/www.sudoestehoje.com.br\/novoportal\/wp-json\/wp\/v2\/posts"}],"about":[{"href":"https:\/\/www.sudoestehoje.com.br\/novoportal\/wp-json\/wp\/v2\/types\/post"}],"author":[{"embeddable":true,"href":"https:\/\/www.sudoestehoje.com.br\/novoportal\/wp-json\/wp\/v2\/users\/2"}],"replies":[{"embeddable":true,"href":"https:\/\/www.sudoestehoje.com.br\/novoportal\/wp-json\/wp\/v2\/comments?post=95764"}],"version-history":[{"count":2,"href":"https:\/\/www.sudoestehoje.com.br\/novoportal\/wp-json\/wp\/v2\/posts\/95764\/revisions"}],"predecessor-version":[{"id":95767,"href":"https:\/\/www.sudoestehoje.com.br\/novoportal\/wp-json\/wp\/v2\/posts\/95764\/revisions\/95767"}],"wp:featuredmedia":[{"embeddable":true,"href":"https:\/\/www.sudoestehoje.com.br\/novoportal\/wp-json\/wp\/v2\/media\/95766"}],"wp:attachment":[{"href":"https:\/\/www.sudoestehoje.com.br\/novoportal\/wp-json\/wp\/v2\/media?parent=95764"}],"wp:term":[{"taxonomy":"category","embeddable":true,"href":"https:\/\/www.sudoestehoje.com.br\/novoportal\/wp-json\/wp\/v2\/categories?post=95764"},{"taxonomy":"post_tag","embeddable":true,"href":"https:\/\/www.sudoestehoje.com.br\/novoportal\/wp-json\/wp\/v2\/tags?post=95764"}],"curies":[{"name":"wp","href":"https:\/\/api.w.org\/{rel}","templated":true}]}}