
{"id":95756,"date":"2021-07-09T08:39:54","date_gmt":"2021-07-09T11:39:54","guid":{"rendered":"https:\/\/www.sudoestehoje.com.br\/novoportal\/?p=95756"},"modified":"2021-07-09T08:39:54","modified_gmt":"2021-07-09T11:39:54","slug":"governo-da-bahia-libera-eventos-com-ate-100-pessoas-bares-e-restaurantes-fecham-as-23h","status":"publish","type":"post","link":"https:\/\/www.sudoestehoje.com.br\/novoportal\/2021\/07\/09\/governo-da-bahia-libera-eventos-com-ate-100-pessoas-bares-e-restaurantes-fecham-as-23h\/","title":{"rendered":"GOVERNO DA BAHIA LIBERA EVENTOS COM AT\u00c9 100 PESSOAS; BARES E RESTAURANTES FECHAM \u00c0S 23h"},"content":{"rendered":"<p><a href=\"https:\/\/www.sudoestehoje.com.br\/novoportal\/wp-content\/uploads\/2021\/07\/Festa.jpg\"><img loading=\"lazy\" decoding=\"async\" class=\"aligncenter  wp-image-95761\" src=\"https:\/\/www.sudoestehoje.com.br\/novoportal\/wp-content\/uploads\/2021\/07\/Festa-500x281.jpg\" alt=\"\" width=\"498\" height=\"280\" srcset=\"https:\/\/www.sudoestehoje.com.br\/novoportal\/wp-content\/uploads\/2021\/07\/Festa-500x281.jpg 500w, https:\/\/www.sudoestehoje.com.br\/novoportal\/wp-content\/uploads\/2021\/07\/Festa-700x394.jpg 700w, https:\/\/www.sudoestehoje.com.br\/novoportal\/wp-content\/uploads\/2021\/07\/Festa-768x432.jpg 768w, https:\/\/www.sudoestehoje.com.br\/novoportal\/wp-content\/uploads\/2021\/07\/Festa-1536x864.jpg 1536w, https:\/\/www.sudoestehoje.com.br\/novoportal\/wp-content\/uploads\/2021\/07\/Festa.jpg 1920w\" sizes=\"auto, (max-width: 498px) 100vw, 498px\" \/><\/a><\/p>\n<p>O governo da Bahia liberou a realiza\u00e7\u00e3o de eventos com at\u00e9 100 pessoas em todo o territ\u00f3rio estadual. Antes, a libera\u00e7\u00e3o era restrita a eventos cient\u00edficos e profissionais com at\u00e9 50 pessoas.<\/p>\n<p dir=\"ltr\">A mudan\u00e7a, v\u00e1lida a partir desta sexta-feira (9) e publicada no Di\u00e1rio Oficial do Estado de hoje, indica ainda que nos munic\u00edpios integrantes de regi\u00e3o de sa\u00fade em que a taxa de ocupa\u00e7\u00e3o de leitos de UTI Covid permane\u00e7a, por cinco dias consecutivos, igual ou inferior a 60%, a libera\u00e7\u00e3o \u00e9 para a realiza\u00e7\u00e3o de eventos com at\u00e9 200 participantes. No entanto, shows e festas, p\u00fablicas ou privadas, independentemente do n\u00famero de participantes, continuam proibidas at\u00e9 23 de julho em todo o estado.<\/p>\n<p dir=\"ltr\">No mesmo decreto, o governador Rui Costa (PT) tamb\u00e9m flexibilizou o toque de recolher. A medida foi mais uma vez prorrogada, dessa vez at\u00e9 o pr\u00f3ximo dia 23, mas com vig\u00eancia das 24h \u00e0s 05h.<\/p>\n<p dir=\"ltr\">Com isso, tamb\u00e9m em toda a Bahia, os estabelecimentos comerciais que funcionem como restaurantes, bares e cong\u00eaneres dever\u00e3o encerrar o atendimento presencial \u00e0s 23h, permitidos os servi\u00e7os de entrega em domic\u00edlio (delivery) de alimenta\u00e7\u00e3o at\u00e9 as 24h.<\/p>\n<p dir=\"ltr\">ESPA\u00c7OS CULTURAIS<\/p>\n<p dir=\"ltr\">Os eventos desportivos coletivos e amadores tamb\u00e9m foram\u00a0 autorizados, mas sem a presen\u00e7a de p\u00fablico. J\u00e1 os espa\u00e7os culturais, como cinemas e teatros, poder\u00e3o funcionar obedecendo a limita\u00e7\u00e3o de 50% da capacidade do local. Os museus, parques de exposi\u00e7\u00f5es e espa\u00e7os cong\u00eaneres tamb\u00e9m podem funcionar, desde que seja garantido o distanciamento m\u00ednimo de 1,5m, sendo vedada a realiza\u00e7\u00e3o de excurs\u00f5es para visita\u00e7\u00f5es desses equipamentos.<\/p>\n<p dir=\"ltr\">O decreto mant\u00e9m a autoriza\u00e7\u00e3o para atos religiosos lit\u00fargicos, com amplia\u00e7\u00e3o do limite de ocupa\u00e7\u00e3o &#8211; de 25% para 50% da capacidade do local. Academias tamb\u00e9m podem manter o funcionamento, desde que limitem a ocupa\u00e7\u00e3o a 50% da capacidade.<\/p>\n<p dir=\"ltr\">TRANSPORTE<\/p>\n<p dir=\"ltr\">De 9 de julho at\u00e9 23 de julho, a circula\u00e7\u00e3o dos meios de transporte metropolitanos fica suspensa no per\u00edodo das 0h30 \u00e0s 5h. Tamb\u00e9m de 9 a 23 de julho, os ferry boats n\u00e3o circulam das 23h \u00e0s 5h, respeitadas as normas editadas pela Ag\u00eancia Estadual de Regula\u00e7\u00e3o de Servi\u00e7os P\u00fablicos de Energia, Transportes e Comunica\u00e7\u00f5es da Bahia (Agerba).<\/p>\n<p dir=\"ltr\">AULAS<\/p>\n<p dir=\"ltr\">Quantas as aulas, nada mudou. Conforme o decreto, as unidades de ensino p\u00fablicas e particulares podem manter as atividades de forma semipresencial. Para que isso ocorra, \u00e9 necess\u00e1rio que a taxa de ocupa\u00e7\u00e3o de leitos de UTI Covid-19 esteja abaixo de 75%, por cinco dias consecutivos, nas regi\u00f5es de sa\u00fade. A realiza\u00e7\u00e3o das atividades letivas semipresenciais fica condicionada \u00e0 ocupa\u00e7\u00e3o m\u00e1xima de 50% da sala de aula.<\/p>\n","protected":false},"excerpt":{"rendered":"<p>O governo da Bahia liberou a realiza\u00e7\u00e3o de eventos com at\u00e9 100 pessoas em todo o territ\u00f3rio estadual. Antes, a libera\u00e7\u00e3o era restrita a eventos cient\u00edficos e profissionais com at\u00e9 50 pessoas. A mudan\u00e7a, v\u00e1lida a partir desta sexta-feira (9) e publicada no Di\u00e1rio Oficial do Estado de hoje, indica ainda que nos munic\u00edpios integrantes [&hellip;]<\/p>\n","protected":false},"author":2,"featured_media":95761,"comment_status":"open","ping_status":"open","sticky":false,"template":"","format":"standard","meta":{"footnotes":"","_links_to":"","_links_to_target":""},"categories":[1],"tags":[],"class_list":["post-95756","post","type-post","status-publish","format-standard","has-post-thumbnail","hentry","category-geral"],"views":963,"_links":{"self":[{"href":"https:\/\/www.sudoestehoje.com.br\/novoportal\/wp-json\/wp\/v2\/posts\/95756","targetHints":{"allow":["GET"]}}],"collection":[{"href":"https:\/\/www.sudoestehoje.com.br\/novoportal\/wp-json\/wp\/v2\/posts"}],"about":[{"href":"https:\/\/www.sudoestehoje.com.br\/novoportal\/wp-json\/wp\/v2\/types\/post"}],"author":[{"embeddable":true,"href":"https:\/\/www.sudoestehoje.com.br\/novoportal\/wp-json\/wp\/v2\/users\/2"}],"replies":[{"embeddable":true,"href":"https:\/\/www.sudoestehoje.com.br\/novoportal\/wp-json\/wp\/v2\/comments?post=95756"}],"version-history":[{"count":6,"href":"https:\/\/www.sudoestehoje.com.br\/novoportal\/wp-json\/wp\/v2\/posts\/95756\/revisions"}],"predecessor-version":[{"id":95763,"href":"https:\/\/www.sudoestehoje.com.br\/novoportal\/wp-json\/wp\/v2\/posts\/95756\/revisions\/95763"}],"wp:featuredmedia":[{"embeddable":true,"href":"https:\/\/www.sudoestehoje.com.br\/novoportal\/wp-json\/wp\/v2\/media\/95761"}],"wp:attachment":[{"href":"https:\/\/www.sudoestehoje.com.br\/novoportal\/wp-json\/wp\/v2\/media?parent=95756"}],"wp:term":[{"taxonomy":"category","embeddable":true,"href":"https:\/\/www.sudoestehoje.com.br\/novoportal\/wp-json\/wp\/v2\/categories?post=95756"},{"taxonomy":"post_tag","embeddable":true,"href":"https:\/\/www.sudoestehoje.com.br\/novoportal\/wp-json\/wp\/v2\/tags?post=95756"}],"curies":[{"name":"wp","href":"https:\/\/api.w.org\/{rel}","templated":true}]}}