
{"id":95750,"date":"2021-07-08T16:20:05","date_gmt":"2021-07-08T19:20:05","guid":{"rendered":"https:\/\/www.sudoestehoje.com.br\/novoportal\/?p=95750"},"modified":"2021-07-08T16:26:05","modified_gmt":"2021-07-08T19:26:05","slug":"itapetinga-escolas-particulares-e-prefeitura-debatem-retorno-as-aulas-presencias","status":"publish","type":"post","link":"https:\/\/www.sudoestehoje.com.br\/novoportal\/2021\/07\/08\/itapetinga-escolas-particulares-e-prefeitura-debatem-retorno-as-aulas-presencias\/","title":{"rendered":"ITAPETINGA: ESCOLAS PARTICULARES E PREFEITURA DEBATEM RETORNO \u00c0S AULAS PRESENCIAS"},"content":{"rendered":"<p><a href=\"https:\/\/www.sudoestehoje.com.br\/novoportal\/wp-content\/uploads\/2021\/07\/REUNI\u00c3O-ESCOLAS.jpeg\"><img loading=\"lazy\" decoding=\"async\" class=\"aligncenter size-medium wp-image-95752\" src=\"https:\/\/www.sudoestehoje.com.br\/novoportal\/wp-content\/uploads\/2021\/07\/REUNI\u00c3O-ESCOLAS-500x333.jpeg\" alt=\"\" width=\"500\" height=\"333\" srcset=\"https:\/\/www.sudoestehoje.com.br\/novoportal\/wp-content\/uploads\/2021\/07\/REUNI\u00c3O-ESCOLAS-500x333.jpeg 500w, https:\/\/www.sudoestehoje.com.br\/novoportal\/wp-content\/uploads\/2021\/07\/REUNI\u00c3O-ESCOLAS-700x467.jpeg 700w, https:\/\/www.sudoestehoje.com.br\/novoportal\/wp-content\/uploads\/2021\/07\/REUNI\u00c3O-ESCOLAS-768x512.jpeg 768w, https:\/\/www.sudoestehoje.com.br\/novoportal\/wp-content\/uploads\/2021\/07\/REUNI\u00c3O-ESCOLAS.jpeg 990w\" sizes=\"auto, (max-width: 500px) 100vw, 500px\" \/><\/a><\/p>\n<p>Na manh\u00e3 desta quinta-feira, 08, a Prefeitura de Itapetinga reuniu-se com os representantes das escolas particulares para explicar, mais uma vez, que o Governo Municipal n\u00e3o tem autonomia para autorizar o retorno \u00e0s aulas presenciais de escolas de Ensino Fundamental e\/ou Ensino M\u00e9dio.<\/p>\n<p>Segundo o secret\u00e1rio de Educa\u00e7\u00e3o, Geraldo Trindade, \u201cessas unidades seguem as determina\u00e7\u00f5es do Conselho Estadual de Educa\u00e7\u00e3o, que inclusive emitiu a delibera\u00e7\u00e3o N\u00ba 01\/2021, informando que, as escolas que descumprirem o decreto governamental podem ter autoriza\u00e7\u00e3o de funcionamento cassada\u201d, disse o secret\u00e1rio.<\/p>\n<p><a href=\"https:\/\/www.sudoestehoje.com.br\/novoportal\/wp-content\/uploads\/2021\/07\/AULAS-VOLTA.jpeg\"><img loading=\"lazy\" decoding=\"async\" class=\"aligncenter size-medium wp-image-95754\" src=\"https:\/\/www.sudoestehoje.com.br\/novoportal\/wp-content\/uploads\/2021\/07\/AULAS-VOLTA-500x500.jpeg\" alt=\"\" width=\"500\" height=\"500\" srcset=\"https:\/\/www.sudoestehoje.com.br\/novoportal\/wp-content\/uploads\/2021\/07\/AULAS-VOLTA-500x500.jpeg 500w, https:\/\/www.sudoestehoje.com.br\/novoportal\/wp-content\/uploads\/2021\/07\/AULAS-VOLTA-150x150.jpeg 150w, https:\/\/www.sudoestehoje.com.br\/novoportal\/wp-content\/uploads\/2021\/07\/AULAS-VOLTA.jpeg 640w\" sizes=\"auto, (max-width: 500px) 100vw, 500px\" \/><\/a><\/p>\n<p>O governador da Bahia anunciou a possibilidade de retorno \u00e0s aulas das escolas estaduais e particulares em julho, mas ainda n\u00e3o h\u00e1 nenhum decreto as autorizando.<\/p>\n<p>O munic\u00edpio de Itapetinga se prepara para, de forma escalonada e com debate democr\u00e1tico, reabrir as escolas com aulas presenciais. Na pr\u00f3xima semana, a secretaria de educa\u00e7\u00e3o ter\u00e1 reuni\u00f5es com a APLB e o Sinditatiba a fim de elaborar um planejamento escalonado, seguro e respons\u00e1vel. \u201cA gente ressalta que todos os nossos profissionais de educa\u00e7\u00e3o receber\u00e3o a segunda dose da vacina entre o final de julho e o in\u00edcio de agosto. Falta pouco para garantirmos maior seguran\u00e7a a todos os envolvidos no processo e assim faremos de forma criteriosa e muito cuidadosa\u201d, esclareceu o secret\u00e1rio.<\/p>\n<p>\u201cN\u00f3s entendemos a ang\u00fastia das fam\u00edlias e de toda a comunidade escolar. A not\u00edcia de que alguns munic\u00edpios autorizaram o retorno \u00e0s aulas presenciais, apesar do decreto estadual, causa d\u00favidas e gera pol\u00eamica. Mas n\u00f3s n\u00e3o podemos legislar sobre o que n\u00e3o \u00e9 da nossa compet\u00eancia. Faz\u00ea-lo \u00e9 criar inseguran\u00e7a jur\u00eddica para as escolas, por em risco sua autoriza\u00e7\u00e3o de funcionamento e ir contra as determina\u00e7\u00f5es legais\u201d, explicou o prefeito Rodrigo Hagge ao colocar-se \u00e0 disposi\u00e7\u00e3o de escolas e pais para a constru\u00e7\u00e3o conjunta de um retorno seguro e planejado.<\/p>\n","protected":false},"excerpt":{"rendered":"<p>Na manh\u00e3 desta quinta-feira, 08, a Prefeitura de Itapetinga reuniu-se com os representantes das escolas particulares para explicar, mais uma vez, que o Governo Municipal n\u00e3o tem autonomia para autorizar o retorno \u00e0s aulas presenciais de escolas de Ensino Fundamental e\/ou Ensino M\u00e9dio. Segundo o secret\u00e1rio de Educa\u00e7\u00e3o, Geraldo Trindade, \u201cessas unidades seguem as determina\u00e7\u00f5es [&hellip;]<\/p>\n","protected":false},"author":2,"featured_media":95752,"comment_status":"open","ping_status":"open","sticky":false,"template":"","format":"standard","meta":{"footnotes":"","_links_to":"","_links_to_target":""},"categories":[1],"tags":[],"class_list":["post-95750","post","type-post","status-publish","format-standard","has-post-thumbnail","hentry","category-geral"],"views":834,"_links":{"self":[{"href":"https:\/\/www.sudoestehoje.com.br\/novoportal\/wp-json\/wp\/v2\/posts\/95750","targetHints":{"allow":["GET"]}}],"collection":[{"href":"https:\/\/www.sudoestehoje.com.br\/novoportal\/wp-json\/wp\/v2\/posts"}],"about":[{"href":"https:\/\/www.sudoestehoje.com.br\/novoportal\/wp-json\/wp\/v2\/types\/post"}],"author":[{"embeddable":true,"href":"https:\/\/www.sudoestehoje.com.br\/novoportal\/wp-json\/wp\/v2\/users\/2"}],"replies":[{"embeddable":true,"href":"https:\/\/www.sudoestehoje.com.br\/novoportal\/wp-json\/wp\/v2\/comments?post=95750"}],"version-history":[{"count":3,"href":"https:\/\/www.sudoestehoje.com.br\/novoportal\/wp-json\/wp\/v2\/posts\/95750\/revisions"}],"predecessor-version":[{"id":95755,"href":"https:\/\/www.sudoestehoje.com.br\/novoportal\/wp-json\/wp\/v2\/posts\/95750\/revisions\/95755"}],"wp:featuredmedia":[{"embeddable":true,"href":"https:\/\/www.sudoestehoje.com.br\/novoportal\/wp-json\/wp\/v2\/media\/95752"}],"wp:attachment":[{"href":"https:\/\/www.sudoestehoje.com.br\/novoportal\/wp-json\/wp\/v2\/media?parent=95750"}],"wp:term":[{"taxonomy":"category","embeddable":true,"href":"https:\/\/www.sudoestehoje.com.br\/novoportal\/wp-json\/wp\/v2\/categories?post=95750"},{"taxonomy":"post_tag","embeddable":true,"href":"https:\/\/www.sudoestehoje.com.br\/novoportal\/wp-json\/wp\/v2\/tags?post=95750"}],"curies":[{"name":"wp","href":"https:\/\/api.w.org\/{rel}","templated":true}]}}