
{"id":95737,"date":"2021-07-07T20:21:47","date_gmt":"2021-07-07T23:21:47","guid":{"rendered":"https:\/\/www.sudoestehoje.com.br\/novoportal\/?p=95737"},"modified":"2021-07-07T20:21:47","modified_gmt":"2021-07-07T23:21:47","slug":"supremo-mata-lava-jato-mas-pode-dar-vida-a-candidatura-de-sergio-moro-a-presidencia","status":"publish","type":"post","link":"https:\/\/www.sudoestehoje.com.br\/novoportal\/2021\/07\/07\/supremo-mata-lava-jato-mas-pode-dar-vida-a-candidatura-de-sergio-moro-a-presidencia\/","title":{"rendered":"SUPREMO MATA LAVA JATO, MAS PODE DAR VIDA \u00c0 CANDIDATURA DE SERGIO MORO \u00c0 PRESID\u00caNCIA"},"content":{"rendered":"<p><a href=\"https:\/\/www.sudoestehoje.com.br\/novoportal\/wp-content\/uploads\/2021\/07\/O-ex-juiz-Sergio-Moro-\u00e9-o-atual-Ministro-da-Justi\u00e7a-do-Brasil-1.jpg\"><img loading=\"lazy\" decoding=\"async\" class=\"aligncenter size-medium wp-image-95739\" src=\"https:\/\/www.sudoestehoje.com.br\/novoportal\/wp-content\/uploads\/2021\/07\/O-ex-juiz-Sergio-Moro-\u00e9-o-atual-Ministro-da-Justi\u00e7a-do-Brasil-1-500x359.jpg\" alt=\"\" width=\"500\" height=\"359\" srcset=\"https:\/\/www.sudoestehoje.com.br\/novoportal\/wp-content\/uploads\/2021\/07\/O-ex-juiz-Sergio-Moro-\u00e9-o-atual-Ministro-da-Justi\u00e7a-do-Brasil-1-500x359.jpg 500w, https:\/\/www.sudoestehoje.com.br\/novoportal\/wp-content\/uploads\/2021\/07\/O-ex-juiz-Sergio-Moro-\u00e9-o-atual-Ministro-da-Justi\u00e7a-do-Brasil-1-700x502.jpg 700w, https:\/\/www.sudoestehoje.com.br\/novoportal\/wp-content\/uploads\/2021\/07\/O-ex-juiz-Sergio-Moro-\u00e9-o-atual-Ministro-da-Justi\u00e7a-do-Brasil-1.jpg 750w\" sizes=\"auto, (max-width: 500px) 100vw, 500px\" \/><\/a><\/p>\n<p>D\u00favida: a sucess\u00e3o presidencial de 2022 vai se resumir \u00e0 polariza\u00e7\u00e3o entre\u00a0<strong>Jair Bolsonaro<\/strong>\u00a0e\u00a0<strong>Lula da Silva<\/strong>, com\u00a0<strong>Ciro Gomes<\/strong>\u00a0atacando ambos para tentar se viabilizar? At\u00e9 outubro, essa incerteza pol\u00edtica tende a se dissipar. Tudo depende de\u00a0<strong>Sergio Fernando Moro<\/strong>\u00a0se habilitar para entrar ou n\u00e3o na disputa pela pr\u00e9-candidatura.<\/p>\n<p>O ex-juiz da moribunda\u00a0<strong>Lava Jato<\/strong>\u00a0e ex-ministro da Justi\u00e7a do atual governo deve se filiar ao\u00a0<strong>Podemos<\/strong>\u00a0ou at\u00e9 ao\u00a0<strong>PSDB<\/strong>.<\/p>\n<p>A vinda ou n\u00e3o de Moro ao ninho tucano afeta a postula\u00e7\u00e3o \u00e0 pr\u00e9-candidatura de\u00a0<strong>Jo\u00e3o Doria J\u00fanior<\/strong>. Se ele n\u00e3o vier, e Doria se viabilizar nas pr\u00e9vias, pode at\u00e9 permitir a articula\u00e7\u00e3o de uma chapa Doria-Moro ou Moro-Doria. Eis o sonho dourado do nonagen\u00e1rio\u00a0<strong>FHC<\/strong>.\u00a0 Seu amigo e parceiro de articula\u00e7\u00f5es pol\u00edticas, Nelson Jobim, tende a fechar com Lula.\u00a0Todos contra Bolsonaro.<\/p>\n<p>A \u201cterceira via\u201d deve surgir. S\u00f3 n\u00e3o d\u00e1 para assegurar, agora, se ser\u00e1 vi\u00e1vel contra a previs\u00edvel dicotomia entre o bolsonarismo e o petismo. Economia, combate \u00e0 corrup\u00e7\u00e3o e pandemia v\u00e3o roteirizar a disputa. <em>\/\/Jovem Pan<\/em><\/p>\n","protected":false},"excerpt":{"rendered":"<p>D\u00favida: a sucess\u00e3o presidencial de 2022 vai se resumir \u00e0 polariza\u00e7\u00e3o entre\u00a0Jair Bolsonaro\u00a0e\u00a0Lula da Silva, com\u00a0Ciro Gomes\u00a0atacando ambos para tentar se viabilizar? At\u00e9 outubro, essa incerteza pol\u00edtica tende a se dissipar. Tudo depende de\u00a0Sergio Fernando Moro\u00a0se habilitar para entrar ou n\u00e3o na disputa pela pr\u00e9-candidatura. O ex-juiz da moribunda\u00a0Lava Jato\u00a0e ex-ministro da Justi\u00e7a do atual [&hellip;]<\/p>\n","protected":false},"author":2,"featured_media":95739,"comment_status":"open","ping_status":"open","sticky":false,"template":"","format":"standard","meta":{"footnotes":"","_links_to":"","_links_to_target":""},"categories":[1],"tags":[],"class_list":["post-95737","post","type-post","status-publish","format-standard","has-post-thumbnail","hentry","category-geral"],"views":1064,"_links":{"self":[{"href":"https:\/\/www.sudoestehoje.com.br\/novoportal\/wp-json\/wp\/v2\/posts\/95737","targetHints":{"allow":["GET"]}}],"collection":[{"href":"https:\/\/www.sudoestehoje.com.br\/novoportal\/wp-json\/wp\/v2\/posts"}],"about":[{"href":"https:\/\/www.sudoestehoje.com.br\/novoportal\/wp-json\/wp\/v2\/types\/post"}],"author":[{"embeddable":true,"href":"https:\/\/www.sudoestehoje.com.br\/novoportal\/wp-json\/wp\/v2\/users\/2"}],"replies":[{"embeddable":true,"href":"https:\/\/www.sudoestehoje.com.br\/novoportal\/wp-json\/wp\/v2\/comments?post=95737"}],"version-history":[{"count":2,"href":"https:\/\/www.sudoestehoje.com.br\/novoportal\/wp-json\/wp\/v2\/posts\/95737\/revisions"}],"predecessor-version":[{"id":95740,"href":"https:\/\/www.sudoestehoje.com.br\/novoportal\/wp-json\/wp\/v2\/posts\/95737\/revisions\/95740"}],"wp:featuredmedia":[{"embeddable":true,"href":"https:\/\/www.sudoestehoje.com.br\/novoportal\/wp-json\/wp\/v2\/media\/95739"}],"wp:attachment":[{"href":"https:\/\/www.sudoestehoje.com.br\/novoportal\/wp-json\/wp\/v2\/media?parent=95737"}],"wp:term":[{"taxonomy":"category","embeddable":true,"href":"https:\/\/www.sudoestehoje.com.br\/novoportal\/wp-json\/wp\/v2\/categories?post=95737"},{"taxonomy":"post_tag","embeddable":true,"href":"https:\/\/www.sudoestehoje.com.br\/novoportal\/wp-json\/wp\/v2\/tags?post=95737"}],"curies":[{"name":"wp","href":"https:\/\/api.w.org\/{rel}","templated":true}]}}