
{"id":95715,"date":"2021-07-06T23:15:08","date_gmt":"2021-07-07T02:15:08","guid":{"rendered":"https:\/\/www.sudoestehoje.com.br\/novoportal\/?p=95715"},"modified":"2021-07-06T23:15:08","modified_gmt":"2021-07-07T02:15:08","slug":"conquista-3-operarios-morrem-soterrados-em-obra-particular-na-juracy-magalhaes","status":"publish","type":"post","link":"https:\/\/www.sudoestehoje.com.br\/novoportal\/2021\/07\/06\/conquista-3-operarios-morrem-soterrados-em-obra-particular-na-juracy-magalhaes\/","title":{"rendered":"CONQUISTA: 3 OPER\u00c1RIOS MORREM SOTERRADOS EM OBRA PARTICULAR NA JURACY MAGALH\u00c3ES"},"content":{"rendered":"<p><a href=\"https:\/\/www.sudoestehoje.com.br\/novoportal\/wp-content\/uploads\/2021\/07\/SOTERRADOS-CONQUISTA-2.jpg\"><img loading=\"lazy\" decoding=\"async\" class=\"aligncenter  wp-image-95717\" src=\"https:\/\/www.sudoestehoje.com.br\/novoportal\/wp-content\/uploads\/2021\/07\/SOTERRADOS-CONQUISTA-2.jpg\" alt=\"\" width=\"501\" height=\"334\" \/><\/a><\/p>\n<p>A ter\u00e7a-feira (6) \u00e9 de muita tristeza no Centro Sul Baiano. Uma trag\u00e9dia em Vit\u00f3ria da Conquista custou as vidas de tr\u00eas oper\u00e1rios. O fato aconteceu durante a constru\u00e7\u00e3o de um Sistema de Drenagem na Avenida Juracy Magalh\u00e3es.<\/p>\n<p>Os corpos foram resgatados pelo 7\u00ba Grupamento de Bombeiros Militar. Os militares foram acionados ap\u00f3s um deslizamento de terra que soterrou as tr\u00eas v\u00edtimas.<a href=\"https:\/\/www.sudoestehoje.com.br\/novoportal\/wp-content\/uploads\/2021\/07\/SOTERRADOS-CONQUISTA-1.jpg\"><img loading=\"lazy\" decoding=\"async\" class=\"aligncenter  wp-image-95718\" src=\"https:\/\/www.sudoestehoje.com.br\/novoportal\/wp-content\/uploads\/2021\/07\/SOTERRADOS-CONQUISTA-1.jpg\" alt=\"\" width=\"501\" height=\"334\" \/><\/a><\/p>\n<p>Os corpos foram levados ao Instituto M\u00e9dico Legal. Um deles \u00e9 Odair Batista da Silva, de Tremedal. O segundo foi identificado como Francisco de Oliveira Trindade, 63 anos, residente no Loteamento Itamaraty, em Vit\u00f3ria da Conquista. La\u00e9rcio Oliveira Duarte, de 64 anos, residia na Cidade Modelo, tamb\u00e9m em Vit\u00f3ria da Conquista. <em>\/\/Blog do Anderson<\/em><\/p>\n","protected":false},"excerpt":{"rendered":"<p>A ter\u00e7a-feira (6) \u00e9 de muita tristeza no Centro Sul Baiano. Uma trag\u00e9dia em Vit\u00f3ria da Conquista custou as vidas de tr\u00eas oper\u00e1rios. O fato aconteceu durante a constru\u00e7\u00e3o de um Sistema de Drenagem na Avenida Juracy Magalh\u00e3es. Os corpos foram resgatados pelo 7\u00ba Grupamento de Bombeiros Militar. Os militares foram acionados ap\u00f3s um deslizamento [&hellip;]<\/p>\n","protected":false},"author":2,"featured_media":95717,"comment_status":"open","ping_status":"open","sticky":false,"template":"","format":"standard","meta":{"footnotes":"","_links_to":"","_links_to_target":""},"categories":[1],"tags":[],"class_list":["post-95715","post","type-post","status-publish","format-standard","has-post-thumbnail","hentry","category-geral"],"views":1022,"_links":{"self":[{"href":"https:\/\/www.sudoestehoje.com.br\/novoportal\/wp-json\/wp\/v2\/posts\/95715","targetHints":{"allow":["GET"]}}],"collection":[{"href":"https:\/\/www.sudoestehoje.com.br\/novoportal\/wp-json\/wp\/v2\/posts"}],"about":[{"href":"https:\/\/www.sudoestehoje.com.br\/novoportal\/wp-json\/wp\/v2\/types\/post"}],"author":[{"embeddable":true,"href":"https:\/\/www.sudoestehoje.com.br\/novoportal\/wp-json\/wp\/v2\/users\/2"}],"replies":[{"embeddable":true,"href":"https:\/\/www.sudoestehoje.com.br\/novoportal\/wp-json\/wp\/v2\/comments?post=95715"}],"version-history":[{"count":3,"href":"https:\/\/www.sudoestehoje.com.br\/novoportal\/wp-json\/wp\/v2\/posts\/95715\/revisions"}],"predecessor-version":[{"id":95720,"href":"https:\/\/www.sudoestehoje.com.br\/novoportal\/wp-json\/wp\/v2\/posts\/95715\/revisions\/95720"}],"wp:featuredmedia":[{"embeddable":true,"href":"https:\/\/www.sudoestehoje.com.br\/novoportal\/wp-json\/wp\/v2\/media\/95717"}],"wp:attachment":[{"href":"https:\/\/www.sudoestehoje.com.br\/novoportal\/wp-json\/wp\/v2\/media?parent=95715"}],"wp:term":[{"taxonomy":"category","embeddable":true,"href":"https:\/\/www.sudoestehoje.com.br\/novoportal\/wp-json\/wp\/v2\/categories?post=95715"},{"taxonomy":"post_tag","embeddable":true,"href":"https:\/\/www.sudoestehoje.com.br\/novoportal\/wp-json\/wp\/v2\/tags?post=95715"}],"curies":[{"name":"wp","href":"https:\/\/api.w.org\/{rel}","templated":true}]}}