
{"id":95699,"date":"2021-07-06T21:40:52","date_gmt":"2021-07-07T00:40:52","guid":{"rendered":"https:\/\/www.sudoestehoje.com.br\/novoportal\/?p=95699"},"modified":"2021-07-06T21:40:52","modified_gmt":"2021-07-07T00:40:52","slug":"bahia-registra-3-235-novos-casos-de-covid-19-e-116-mortes-pela-doenca-em-24-horas","status":"publish","type":"post","link":"https:\/\/www.sudoestehoje.com.br\/novoportal\/2021\/07\/06\/bahia-registra-3-235-novos-casos-de-covid-19-e-116-mortes-pela-doenca-em-24-horas\/","title":{"rendered":"BAHIA REGISTRA 3.235 NOVOS CASOS DE COVID-19 E 116 MORTES PELA DOEN\u00c7A EM 24 HORAS"},"content":{"rendered":"<p><a href=\"https:\/\/www.sudoestehoje.com.br\/novoportal\/wp-content\/uploads\/2021\/07\/MASCARA.jpg\"><img loading=\"lazy\" decoding=\"async\" class=\"aligncenter size-medium wp-image-95700\" src=\"https:\/\/www.sudoestehoje.com.br\/novoportal\/wp-content\/uploads\/2021\/07\/MASCARA-500x265.jpg\" alt=\"\" width=\"500\" height=\"265\" srcset=\"https:\/\/www.sudoestehoje.com.br\/novoportal\/wp-content\/uploads\/2021\/07\/MASCARA-500x265.jpg 500w, https:\/\/www.sudoestehoje.com.br\/novoportal\/wp-content\/uploads\/2021\/07\/MASCARA-700x371.jpg 700w, https:\/\/www.sudoestehoje.com.br\/novoportal\/wp-content\/uploads\/2021\/07\/MASCARA-768x407.jpg 768w, https:\/\/www.sudoestehoje.com.br\/novoportal\/wp-content\/uploads\/2021\/07\/MASCARA.jpg 1000w\" sizes=\"auto, (max-width: 500px) 100vw, 500px\" \/><\/a><\/p>\n<p>Na Bahia, nas \u00faltimas 24 horas, foram registrados 3.235 casos de Covid-19 (taxa de crescimento de +0,3%) e 3.218 recuperados (+0,3%).<\/p>\n<p>O boletim epidemiol\u00f3gico desta ter\u00e7a-feira (6) tamb\u00e9m registra 116 \u00f3bitos. Apesar de as mortes terem ocorrido em diversas datas, a confirma\u00e7\u00e3o e registro foram realizados hoje.<\/p>\n<p>Dos 1.141.612 casos confirmados desde o in\u00edcio da pandemia, 1.105.976 j\u00e1 s\u00e3o considerados recuperados, 11.208 encontram-se ativos e 24.428 tiveram \u00f3bito confirmado.<\/p>\n","protected":false},"excerpt":{"rendered":"<p>Na Bahia, nas \u00faltimas 24 horas, foram registrados 3.235 casos de Covid-19 (taxa de crescimento de +0,3%) e 3.218 recuperados (+0,3%). O boletim epidemiol\u00f3gico desta ter\u00e7a-feira (6) tamb\u00e9m registra 116 \u00f3bitos. Apesar de as mortes terem ocorrido em diversas datas, a confirma\u00e7\u00e3o e registro foram realizados hoje. Dos 1.141.612 casos confirmados desde o in\u00edcio da [&hellip;]<\/p>\n","protected":false},"author":2,"featured_media":95700,"comment_status":"open","ping_status":"open","sticky":false,"template":"","format":"standard","meta":{"footnotes":"","_links_to":"","_links_to_target":""},"categories":[1],"tags":[],"class_list":["post-95699","post","type-post","status-publish","format-standard","has-post-thumbnail","hentry","category-geral"],"views":936,"_links":{"self":[{"href":"https:\/\/www.sudoestehoje.com.br\/novoportal\/wp-json\/wp\/v2\/posts\/95699","targetHints":{"allow":["GET"]}}],"collection":[{"href":"https:\/\/www.sudoestehoje.com.br\/novoportal\/wp-json\/wp\/v2\/posts"}],"about":[{"href":"https:\/\/www.sudoestehoje.com.br\/novoportal\/wp-json\/wp\/v2\/types\/post"}],"author":[{"embeddable":true,"href":"https:\/\/www.sudoestehoje.com.br\/novoportal\/wp-json\/wp\/v2\/users\/2"}],"replies":[{"embeddable":true,"href":"https:\/\/www.sudoestehoje.com.br\/novoportal\/wp-json\/wp\/v2\/comments?post=95699"}],"version-history":[{"count":2,"href":"https:\/\/www.sudoestehoje.com.br\/novoportal\/wp-json\/wp\/v2\/posts\/95699\/revisions"}],"predecessor-version":[{"id":95702,"href":"https:\/\/www.sudoestehoje.com.br\/novoportal\/wp-json\/wp\/v2\/posts\/95699\/revisions\/95702"}],"wp:featuredmedia":[{"embeddable":true,"href":"https:\/\/www.sudoestehoje.com.br\/novoportal\/wp-json\/wp\/v2\/media\/95700"}],"wp:attachment":[{"href":"https:\/\/www.sudoestehoje.com.br\/novoportal\/wp-json\/wp\/v2\/media?parent=95699"}],"wp:term":[{"taxonomy":"category","embeddable":true,"href":"https:\/\/www.sudoestehoje.com.br\/novoportal\/wp-json\/wp\/v2\/categories?post=95699"},{"taxonomy":"post_tag","embeddable":true,"href":"https:\/\/www.sudoestehoje.com.br\/novoportal\/wp-json\/wp\/v2\/tags?post=95699"}],"curies":[{"name":"wp","href":"https:\/\/api.w.org\/{rel}","templated":true}]}}