
{"id":95695,"date":"2021-07-06T21:11:16","date_gmt":"2021-07-07T00:11:16","guid":{"rendered":"https:\/\/www.sudoestehoje.com.br\/novoportal\/?p=95695"},"modified":"2021-07-06T21:11:16","modified_gmt":"2021-07-07T00:11:16","slug":"em-pesquisa-interna-acm-neto-venceria-jaques-wagner-no-primeiro-turno","status":"publish","type":"post","link":"https:\/\/www.sudoestehoje.com.br\/novoportal\/2021\/07\/06\/em-pesquisa-interna-acm-neto-venceria-jaques-wagner-no-primeiro-turno\/","title":{"rendered":"EM PESQUISA INTERNA, ACM NETO VENCERIA JAQUES WAGNER NO PRIMEIRO TURNO"},"content":{"rendered":"<p><a href=\"https:\/\/www.sudoestehoje.com.br\/novoportal\/wp-content\/uploads\/2021\/07\/NETO-E-WAGNER-1.jpg\"><img loading=\"lazy\" decoding=\"async\" class=\"aligncenter size-medium wp-image-95697\" src=\"https:\/\/www.sudoestehoje.com.br\/novoportal\/wp-content\/uploads\/2021\/07\/NETO-E-WAGNER-1-500x280.jpg\" alt=\"\" width=\"500\" height=\"280\" srcset=\"https:\/\/www.sudoestehoje.com.br\/novoportal\/wp-content\/uploads\/2021\/07\/NETO-E-WAGNER-1-500x280.jpg 500w, https:\/\/www.sudoestehoje.com.br\/novoportal\/wp-content\/uploads\/2021\/07\/NETO-E-WAGNER-1.jpg 640w\" sizes=\"auto, (max-width: 500px) 100vw, 500px\" \/><\/a><\/p>\n<p>Uma pesquisa aplicada pelo Instituto Paran\u00e1 para consumo interno da campanha do presidente nacional do DEM, ACM Neto, ao Governo da Bahia mostra que, se a elei\u00e7\u00e3o fosse hoje, ele derrotaria o senador Jaques Wagner (PT) nas urnas.<\/p>\n<p>Conforme o levantamento, o democrata se consagraria por<strong> 50% a 22%,<\/strong> elegendo-se no primeiro turno.<\/p>\n<p>A informa\u00e7\u00e3o foi publicada na manh\u00e3 desta ter\u00e7a-feira (6) pelo colunista Ricardo Noblat, no site Metr\u00f3poles.<\/p>\n","protected":false},"excerpt":{"rendered":"<p>Uma pesquisa aplicada pelo Instituto Paran\u00e1 para consumo interno da campanha do presidente nacional do DEM, ACM Neto, ao Governo da Bahia mostra que, se a elei\u00e7\u00e3o fosse hoje, ele derrotaria o senador Jaques Wagner (PT) nas urnas. Conforme o levantamento, o democrata se consagraria por 50% a 22%, elegendo-se no primeiro turno. A informa\u00e7\u00e3o [&hellip;]<\/p>\n","protected":false},"author":2,"featured_media":95697,"comment_status":"open","ping_status":"open","sticky":false,"template":"","format":"standard","meta":{"footnotes":"","_links_to":"","_links_to_target":""},"categories":[1],"tags":[],"class_list":["post-95695","post","type-post","status-publish","format-standard","has-post-thumbnail","hentry","category-geral"],"views":1049,"_links":{"self":[{"href":"https:\/\/www.sudoestehoje.com.br\/novoportal\/wp-json\/wp\/v2\/posts\/95695","targetHints":{"allow":["GET"]}}],"collection":[{"href":"https:\/\/www.sudoestehoje.com.br\/novoportal\/wp-json\/wp\/v2\/posts"}],"about":[{"href":"https:\/\/www.sudoestehoje.com.br\/novoportal\/wp-json\/wp\/v2\/types\/post"}],"author":[{"embeddable":true,"href":"https:\/\/www.sudoestehoje.com.br\/novoportal\/wp-json\/wp\/v2\/users\/2"}],"replies":[{"embeddable":true,"href":"https:\/\/www.sudoestehoje.com.br\/novoportal\/wp-json\/wp\/v2\/comments?post=95695"}],"version-history":[{"count":2,"href":"https:\/\/www.sudoestehoje.com.br\/novoportal\/wp-json\/wp\/v2\/posts\/95695\/revisions"}],"predecessor-version":[{"id":95698,"href":"https:\/\/www.sudoestehoje.com.br\/novoportal\/wp-json\/wp\/v2\/posts\/95695\/revisions\/95698"}],"wp:featuredmedia":[{"embeddable":true,"href":"https:\/\/www.sudoestehoje.com.br\/novoportal\/wp-json\/wp\/v2\/media\/95697"}],"wp:attachment":[{"href":"https:\/\/www.sudoestehoje.com.br\/novoportal\/wp-json\/wp\/v2\/media?parent=95695"}],"wp:term":[{"taxonomy":"category","embeddable":true,"href":"https:\/\/www.sudoestehoje.com.br\/novoportal\/wp-json\/wp\/v2\/categories?post=95695"},{"taxonomy":"post_tag","embeddable":true,"href":"https:\/\/www.sudoestehoje.com.br\/novoportal\/wp-json\/wp\/v2\/tags?post=95695"}],"curies":[{"name":"wp","href":"https:\/\/api.w.org\/{rel}","templated":true}]}}