
{"id":95686,"date":"2021-07-05T21:31:57","date_gmt":"2021-07-06T00:31:57","guid":{"rendered":"https:\/\/www.sudoestehoje.com.br\/novoportal\/?p=95686"},"modified":"2021-07-05T21:31:57","modified_gmt":"2021-07-06T00:31:57","slug":"vamos-esperar-ate-10-de-julho-para-anunciar-a-volta-as-aulas-afirma-rui-costa","status":"publish","type":"post","link":"https:\/\/www.sudoestehoje.com.br\/novoportal\/2021\/07\/05\/vamos-esperar-ate-10-de-julho-para-anunciar-a-volta-as-aulas-afirma-rui-costa\/","title":{"rendered":"\u201cVAMOS ESPERAR AT\u00c9 10 DE JULHO PARA ANUNCIAR A VOLTA \u00c0S AULAS\u201d, AFIRMA RUI COSTA"},"content":{"rendered":"<p><a href=\"https:\/\/www.sudoestehoje.com.br\/novoportal\/wp-content\/uploads\/2021\/07\/rui-costa-2-1000x530-1.jpg\"><img loading=\"lazy\" decoding=\"async\" class=\"aligncenter size-medium wp-image-95688\" src=\"https:\/\/www.sudoestehoje.com.br\/novoportal\/wp-content\/uploads\/2021\/07\/rui-costa-2-1000x530-1-500x265.jpg\" alt=\"\" width=\"500\" height=\"265\" srcset=\"https:\/\/www.sudoestehoje.com.br\/novoportal\/wp-content\/uploads\/2021\/07\/rui-costa-2-1000x530-1-500x265.jpg 500w, https:\/\/www.sudoestehoje.com.br\/novoportal\/wp-content\/uploads\/2021\/07\/rui-costa-2-1000x530-1-700x371.jpg 700w, https:\/\/www.sudoestehoje.com.br\/novoportal\/wp-content\/uploads\/2021\/07\/rui-costa-2-1000x530-1-768x407.jpg 768w, https:\/\/www.sudoestehoje.com.br\/novoportal\/wp-content\/uploads\/2021\/07\/rui-costa-2-1000x530-1.jpg 1000w\" sizes=\"auto, (max-width: 500px) 100vw, 500px\" \/><\/a><\/p>\n<p>O governador da Bahia, Rui Costa (PT), afirmou nesta segunda-feira (5) que, at\u00e9 o dia 10 de julho, poder\u00e1 autorizar a retomada de aulas semipresenciais no estado. Ele disse, no entanto, que um eventual retorno do calend\u00e1rio letivo s\u00f3 ocorrer\u00e1 se n\u00e3o houver um novo repique de contamina\u00e7\u00f5es por Covid-19 por conta dos festejos de S\u00e3o Jo\u00e3o.<\/p>\n<p>\u201cDuas semanas atr\u00e1s eu anunciei que n\u00f3s queremos voltar as aulas. N\u00f3s tomamos uma decis\u00e3o de aguardar um pouco, at\u00e9 o dia 10 de julho, pra saber se vai haver ou n\u00e3o algum efeito das festas juninas. Se vai ter algum crescimento de casos em fun\u00e7\u00e3o das festas juninas. Por qu\u00ea? Porque, se a gente retomasse e houvesse algum efeito das festas juninas, muitos iriam dizer \u2018o que provocou a contamina\u00e7\u00e3o foi a volta \u00e0s aulas\u2019, e n\u00f3s ir\u00edamos contaminar a volta \u00e0 sulas com um poss\u00edvel repique do S\u00e3o Jo\u00e3o\u201d, disse o petista durante evento em Brumado.<\/p>\n<p>\u201cDe forma prudente, cautelar, n\u00f3s resolvermos aguardar dez dias para saber se vai ter ou n\u00e3o algum efeito de crescimento fruto do S\u00e3o Jo\u00e3o. Estamos com 12 mil casos ativos. Em mar\u00e7o, mar\u00e7o chegamos a 22 mil casos ativos. Mas n\u00e3o alcan\u00e7amos ainda o n\u00famero de fevereiro deste ano, quando t\u00ednhamos apenas 8 mil casos. Ent\u00e3o vamos monitorar at\u00e9 o dia 10 e, se n\u00e3o houver crescimento de casos nem taxa de ocupa\u00e7\u00e3o, a vamos anunciar o retorno \u00e0s aulas\u201d, completou o governador.<\/p>\n","protected":false},"excerpt":{"rendered":"<p>O governador da Bahia, Rui Costa (PT), afirmou nesta segunda-feira (5) que, at\u00e9 o dia 10 de julho, poder\u00e1 autorizar a retomada de aulas semipresenciais no estado. Ele disse, no entanto, que um eventual retorno do calend\u00e1rio letivo s\u00f3 ocorrer\u00e1 se n\u00e3o houver um novo repique de contamina\u00e7\u00f5es por Covid-19 por conta dos festejos de [&hellip;]<\/p>\n","protected":false},"author":2,"featured_media":95688,"comment_status":"open","ping_status":"open","sticky":false,"template":"","format":"standard","meta":{"footnotes":"","_links_to":"","_links_to_target":""},"categories":[1],"tags":[],"class_list":["post-95686","post","type-post","status-publish","format-standard","has-post-thumbnail","hentry","category-geral"],"views":1117,"_links":{"self":[{"href":"https:\/\/www.sudoestehoje.com.br\/novoportal\/wp-json\/wp\/v2\/posts\/95686","targetHints":{"allow":["GET"]}}],"collection":[{"href":"https:\/\/www.sudoestehoje.com.br\/novoportal\/wp-json\/wp\/v2\/posts"}],"about":[{"href":"https:\/\/www.sudoestehoje.com.br\/novoportal\/wp-json\/wp\/v2\/types\/post"}],"author":[{"embeddable":true,"href":"https:\/\/www.sudoestehoje.com.br\/novoportal\/wp-json\/wp\/v2\/users\/2"}],"replies":[{"embeddable":true,"href":"https:\/\/www.sudoestehoje.com.br\/novoportal\/wp-json\/wp\/v2\/comments?post=95686"}],"version-history":[{"count":3,"href":"https:\/\/www.sudoestehoje.com.br\/novoportal\/wp-json\/wp\/v2\/posts\/95686\/revisions"}],"predecessor-version":[{"id":95690,"href":"https:\/\/www.sudoestehoje.com.br\/novoportal\/wp-json\/wp\/v2\/posts\/95686\/revisions\/95690"}],"wp:featuredmedia":[{"embeddable":true,"href":"https:\/\/www.sudoestehoje.com.br\/novoportal\/wp-json\/wp\/v2\/media\/95688"}],"wp:attachment":[{"href":"https:\/\/www.sudoestehoje.com.br\/novoportal\/wp-json\/wp\/v2\/media?parent=95686"}],"wp:term":[{"taxonomy":"category","embeddable":true,"href":"https:\/\/www.sudoestehoje.com.br\/novoportal\/wp-json\/wp\/v2\/categories?post=95686"},{"taxonomy":"post_tag","embeddable":true,"href":"https:\/\/www.sudoestehoje.com.br\/novoportal\/wp-json\/wp\/v2\/tags?post=95686"}],"curies":[{"name":"wp","href":"https:\/\/api.w.org\/{rel}","templated":true}]}}