
{"id":95667,"date":"2021-07-04T22:53:12","date_gmt":"2021-07-05T01:53:12","guid":{"rendered":"https:\/\/www.sudoestehoje.com.br\/novoportal\/?p=95667"},"modified":"2021-07-04T23:26:34","modified_gmt":"2021-07-05T02:26:34","slug":"festival-de-canoagem-coloca-itapetinga-no-circuito-regional-da-modalidade","status":"publish","type":"post","link":"https:\/\/www.sudoestehoje.com.br\/novoportal\/2021\/07\/04\/festival-de-canoagem-coloca-itapetinga-no-circuito-regional-da-modalidade\/","title":{"rendered":"FESTIVAL DE CANOAGEM COLOCA ITAPETINGA NO CIRCUITO REGIONAL DA MODALIDADE"},"content":{"rendered":"<p><a href=\"https:\/\/www.sudoestehoje.com.br\/novoportal\/wp-content\/uploads\/2021\/07\/CANOA-5.jpeg\"><img loading=\"lazy\" decoding=\"async\" class=\"aligncenter size-medium wp-image-95670\" src=\"https:\/\/www.sudoestehoje.com.br\/novoportal\/wp-content\/uploads\/2021\/07\/CANOA-5-500x333.jpeg\" alt=\"\" width=\"500\" height=\"333\" srcset=\"https:\/\/www.sudoestehoje.com.br\/novoportal\/wp-content\/uploads\/2021\/07\/CANOA-5-500x333.jpeg 500w, https:\/\/www.sudoestehoje.com.br\/novoportal\/wp-content\/uploads\/2021\/07\/CANOA-5-700x466.jpeg 700w, https:\/\/www.sudoestehoje.com.br\/novoportal\/wp-content\/uploads\/2021\/07\/CANOA-5-768x512.jpeg 768w, https:\/\/www.sudoestehoje.com.br\/novoportal\/wp-content\/uploads\/2021\/07\/CANOA-5.jpeg 1280w\" sizes=\"auto, (max-width: 500px) 100vw, 500px\" \/><\/a><\/p>\n<p>Os itapetinguenses foram ao Parque Poliesportivo da Lagoa para acompanharem o I Festival Itapetinga de Canoagem, na tarde deste domingo. Vinte e dois atletas de Ubaitaba (terra do campe\u00e3o Isaquias Queiroz) vieram ao munic\u00edpio para disputarem provas de 200m, com caiaques e canoas individuais.<\/p>\n<p>\u201cN\u00f3s estamos muito felizes em estar oficialmente apresentando a modalidade para o munic\u00edpio. Para mim, como Federa\u00e7\u00e3o, \u00e9 um prazer estar disseminando a canoagem em todas as regi\u00f5es e aqui \u00e9 excelente para a pr\u00e1tica da canoagem: o lago \u00e9 prop\u00edcio, tem uma dimens\u00e3o de um pouco mais de 300m, que d\u00e1 p a gente fazer uma das provas ol\u00edmpicas que \u00e9 de 200m\u201d, afirmou Camila, representante da Federa\u00e7\u00e3o Baiana de Canoagem.<\/p>\n<p><a href=\"https:\/\/www.sudoestehoje.com.br\/novoportal\/wp-content\/uploads\/2021\/07\/CANOA-1.jpeg\"><img loading=\"lazy\" decoding=\"async\" class=\"aligncenter size-medium wp-image-95672\" src=\"https:\/\/www.sudoestehoje.com.br\/novoportal\/wp-content\/uploads\/2021\/07\/CANOA-1-500x333.jpeg\" alt=\"\" width=\"500\" height=\"333\" srcset=\"https:\/\/www.sudoestehoje.com.br\/novoportal\/wp-content\/uploads\/2021\/07\/CANOA-1-500x333.jpeg 500w, https:\/\/www.sudoestehoje.com.br\/novoportal\/wp-content\/uploads\/2021\/07\/CANOA-1-700x466.jpeg 700w, https:\/\/www.sudoestehoje.com.br\/novoportal\/wp-content\/uploads\/2021\/07\/CANOA-1-768x512.jpeg 768w, https:\/\/www.sudoestehoje.com.br\/novoportal\/wp-content\/uploads\/2021\/07\/CANOA-1.jpeg 1280w\" sizes=\"auto, (max-width: 500px) 100vw, 500px\" \/><\/a><\/p>\n<p>A canoagem \u00e9 um esporte disputado em Jogos Ol\u00edmpicos desde a edi\u00e7\u00e3o de 1936, em Berlim. H\u00e1 mais de trinta anos na Bahia, a modalidade chega a Itapetinga com o objetivo de fixar-se, expandir-se na regi\u00e3o sudoeste e servir como mais uma ferramenta para revelar talentos e transformar vidas.<\/p>\n<p>\u201cUma escolinha de canoagem vai al\u00e9m dos limites imaginados. Atrai muita crian\u00e7a que est\u00e1 em casa, pensando em fazer o que n\u00e3o \u00e9 correto, a praticar um esporte, revelando talentos e ajudando suas fam\u00edlias\u201d, disse o atleta Lucas Queiroz, irm\u00e3o do campe\u00e3o ol\u00edmpico Isaqu\u00edas Queiroz.<\/p>\n<p><a href=\"https:\/\/www.sudoestehoje.com.br\/novoportal\/wp-content\/uploads\/2021\/07\/CANOA-4.jpeg\"><img loading=\"lazy\" decoding=\"async\" class=\"aligncenter size-medium wp-image-95675\" src=\"https:\/\/www.sudoestehoje.com.br\/novoportal\/wp-content\/uploads\/2021\/07\/CANOA-4-500x333.jpeg\" alt=\"\" width=\"500\" height=\"333\" srcset=\"https:\/\/www.sudoestehoje.com.br\/novoportal\/wp-content\/uploads\/2021\/07\/CANOA-4-500x333.jpeg 500w, https:\/\/www.sudoestehoje.com.br\/novoportal\/wp-content\/uploads\/2021\/07\/CANOA-4-700x466.jpeg 700w, https:\/\/www.sudoestehoje.com.br\/novoportal\/wp-content\/uploads\/2021\/07\/CANOA-4-768x512.jpeg 768w, https:\/\/www.sudoestehoje.com.br\/novoportal\/wp-content\/uploads\/2021\/07\/CANOA-4.jpeg 1280w\" sizes=\"auto, (max-width: 500px) 100vw, 500px\" \/><\/a><\/p>\n<p>Avaliado em maio pela federa\u00e7\u00e3o baiana e confedera\u00e7\u00e3o brasileira como um lugar apto a receber o esporte em provas de 200m, o Parque da Lagoa encantou pela beleza, centralidade e qualidade das \u00e1guas.<\/p>\n<p>\u201cFoi um prazer poder realizar o evento e, principalmente, poder trazer a Itapetinga mais uma modalidade esportiva que promover\u00e1 sa\u00fade, bem estar e transforma\u00e7\u00e3o social\u201d, disse o secret\u00e1rio de Cultura, Esporte e Lazer, Jailson Santana.<\/p>\n<p><a href=\"https:\/\/www.sudoestehoje.com.br\/novoportal\/wp-content\/uploads\/2021\/07\/CANOA-3.jpeg\"><img loading=\"lazy\" decoding=\"async\" class=\"aligncenter size-medium wp-image-95674\" src=\"https:\/\/www.sudoestehoje.com.br\/novoportal\/wp-content\/uploads\/2021\/07\/CANOA-3-500x333.jpeg\" alt=\"\" width=\"500\" height=\"333\" srcset=\"https:\/\/www.sudoestehoje.com.br\/novoportal\/wp-content\/uploads\/2021\/07\/CANOA-3-500x333.jpeg 500w, https:\/\/www.sudoestehoje.com.br\/novoportal\/wp-content\/uploads\/2021\/07\/CANOA-3-700x466.jpeg 700w, https:\/\/www.sudoestehoje.com.br\/novoportal\/wp-content\/uploads\/2021\/07\/CANOA-3-768x512.jpeg 768w, https:\/\/www.sudoestehoje.com.br\/novoportal\/wp-content\/uploads\/2021\/07\/CANOA-3.jpeg 1280w\" sizes=\"auto, (max-width: 500px) 100vw, 500px\" \/><\/a><\/p>\n<p><em>\u201cDesde a primeira gest\u00e3o, eu me incomodava com a ociosidade de um espa\u00e7o como o Parque da Lagoa. A gente tem feito interven\u00e7\u00f5es que t\u00eam dado mais vida ao local, oferecido novas fontes de lazer e, principalmente, promovido sa\u00fade e bem estar aos itapetinguenses. Uma cidade boa de se viver \u00e9 aquela que a popula\u00e7\u00e3o ocupa todos os seus espa\u00e7os. Hoje, a gente pode ocupar tamb\u00e9m as \u00e1guas do lago com um esporte ol\u00edmpico que capaz trazer proje\u00e7\u00e3o regional ao munic\u00edpio\u201d<\/em>, disse o prefeito Rodrigo Hagge ao parabenizar a equipe e atletas e contar que confedera\u00e7\u00e3o j\u00e1 estuda trazer para Itapetinga uma etapa do campeonato baiano que dever\u00e1 ocorrer em outubro ou novembro.<\/p>\n<p><strong><em>Veja v\u00eddeo<\/em><\/strong><\/p>\n<div style=\"width: 720px;\" class=\"wp-video\"><!--[if lt IE 9]><script>document.createElement('video');<\/script><![endif]-->\n<video class=\"wp-video-shortcode\" id=\"video-95667-1\" width=\"720\" height=\"1280\" preload=\"metadata\" controls=\"controls\"><source type=\"video\/mp4\" src=\"https:\/\/www.sudoestehoje.com.br\/novoportal\/wp-content\/uploads\/2021\/07\/canoagem.mp4?_=1\" \/><a href=\"https:\/\/www.sudoestehoje.com.br\/novoportal\/wp-content\/uploads\/2021\/07\/canoagem.mp4\">https:\/\/www.sudoestehoje.com.br\/novoportal\/wp-content\/uploads\/2021\/07\/canoagem.mp4<\/a><\/video><\/div>\n<p>&nbsp;<\/p>\n","protected":false},"excerpt":{"rendered":"<p>Os itapetinguenses foram ao Parque Poliesportivo da Lagoa para acompanharem o I Festival Itapetinga de Canoagem, na tarde deste domingo. Vinte e dois atletas de Ubaitaba (terra do campe\u00e3o Isaquias Queiroz) vieram ao munic\u00edpio para disputarem provas de 200m, com caiaques e canoas individuais. \u201cN\u00f3s estamos muito felizes em estar oficialmente apresentando a modalidade para [&hellip;]<\/p>\n","protected":false},"author":2,"featured_media":95670,"comment_status":"open","ping_status":"open","sticky":false,"template":"","format":"standard","meta":{"footnotes":"","_links_to":"","_links_to_target":""},"categories":[1],"tags":[],"class_list":["post-95667","post","type-post","status-publish","format-standard","has-post-thumbnail","hentry","category-geral"],"views":1643,"_links":{"self":[{"href":"https:\/\/www.sudoestehoje.com.br\/novoportal\/wp-json\/wp\/v2\/posts\/95667","targetHints":{"allow":["GET"]}}],"collection":[{"href":"https:\/\/www.sudoestehoje.com.br\/novoportal\/wp-json\/wp\/v2\/posts"}],"about":[{"href":"https:\/\/www.sudoestehoje.com.br\/novoportal\/wp-json\/wp\/v2\/types\/post"}],"author":[{"embeddable":true,"href":"https:\/\/www.sudoestehoje.com.br\/novoportal\/wp-json\/wp\/v2\/users\/2"}],"replies":[{"embeddable":true,"href":"https:\/\/www.sudoestehoje.com.br\/novoportal\/wp-json\/wp\/v2\/comments?post=95667"}],"version-history":[{"count":7,"href":"https:\/\/www.sudoestehoje.com.br\/novoportal\/wp-json\/wp\/v2\/posts\/95667\/revisions"}],"predecessor-version":[{"id":95683,"href":"https:\/\/www.sudoestehoje.com.br\/novoportal\/wp-json\/wp\/v2\/posts\/95667\/revisions\/95683"}],"wp:featuredmedia":[{"embeddable":true,"href":"https:\/\/www.sudoestehoje.com.br\/novoportal\/wp-json\/wp\/v2\/media\/95670"}],"wp:attachment":[{"href":"https:\/\/www.sudoestehoje.com.br\/novoportal\/wp-json\/wp\/v2\/media?parent=95667"}],"wp:term":[{"taxonomy":"category","embeddable":true,"href":"https:\/\/www.sudoestehoje.com.br\/novoportal\/wp-json\/wp\/v2\/categories?post=95667"},{"taxonomy":"post_tag","embeddable":true,"href":"https:\/\/www.sudoestehoje.com.br\/novoportal\/wp-json\/wp\/v2\/tags?post=95667"}],"curies":[{"name":"wp","href":"https:\/\/api.w.org\/{rel}","templated":true}]}}