
{"id":95658,"date":"2021-07-03T19:54:41","date_gmt":"2021-07-03T22:54:41","guid":{"rendered":"https:\/\/www.sudoestehoje.com.br\/novoportal\/?p=95658"},"modified":"2021-07-03T19:59:07","modified_gmt":"2021-07-03T22:59:07","slug":"itapetinga-vereador-helder-se-destaca-como-representante-do-distrito-de-bandeira","status":"publish","type":"post","link":"https:\/\/www.sudoestehoje.com.br\/novoportal\/2021\/07\/03\/itapetinga-vereador-helder-se-destaca-como-representante-do-distrito-de-bandeira\/","title":{"rendered":"ITAPETINGA: VEREADOR HELDER \u00c9 DESTAQUE NA DEFESA DO DISTRITO DE BANDEIRA DO COL\u00d4NIA"},"content":{"rendered":"<p><a href=\"https:\/\/www.sudoestehoje.com.br\/novoportal\/wp-content\/uploads\/2021\/07\/HELDER-1.jpeg\"><img loading=\"lazy\" decoding=\"async\" class=\"aligncenter size-medium wp-image-95660\" src=\"https:\/\/www.sudoestehoje.com.br\/novoportal\/wp-content\/uploads\/2021\/07\/HELDER-1-500x348.jpeg\" alt=\"\" width=\"500\" height=\"348\" srcset=\"https:\/\/www.sudoestehoje.com.br\/novoportal\/wp-content\/uploads\/2021\/07\/HELDER-1-500x348.jpeg 500w, https:\/\/www.sudoestehoje.com.br\/novoportal\/wp-content\/uploads\/2021\/07\/HELDER-1-700x487.jpeg 700w, https:\/\/www.sudoestehoje.com.br\/novoportal\/wp-content\/uploads\/2021\/07\/HELDER-1-768x534.jpeg 768w, https:\/\/www.sudoestehoje.com.br\/novoportal\/wp-content\/uploads\/2021\/07\/HELDER-1.jpeg 1280w\" sizes=\"auto, (max-width: 500px) 100vw, 500px\" \/><\/a><\/p>\n<p>Conclu\u00eddo o primeiro semestre do seu mandato, o vereador Helder Ladeia (PSC) mostrou \u00e0 popula\u00e7\u00e3o do distrito de Bandeira do Col\u00f4nia para que veio, computando in\u00fameras realiza\u00e7\u00f5es no campo administrativo e legislativo.<\/p>\n<p>Sempre atento com as demandas daqueles que o procuram, H\u00e9lder faz visitas constantes pelas ruas da comunidade acompanhando, fiscalizando e ouvindo seu povo. <em>\u201cAgora que estou conhecendo como funciona a pol\u00edtica, iremos nos dedicarmos mais ainda para o melhor de Itapetinga bem como seus dependentes, em especial o meu Distrito de Bandeira do Col\u00f4nia pelo qual tenho um imenso carinho e preocupa\u00e7\u00e3o.\u201d<\/em><\/p>\n<p><a href=\"https:\/\/www.sudoestehoje.com.br\/novoportal\/wp-content\/uploads\/2021\/07\/helder-e-rodrigo.jpeg\"><img loading=\"lazy\" decoding=\"async\" class=\"aligncenter size-medium wp-image-95661\" src=\"https:\/\/www.sudoestehoje.com.br\/novoportal\/wp-content\/uploads\/2021\/07\/helder-e-rodrigo-500x343.jpeg\" alt=\"\" width=\"500\" height=\"343\" srcset=\"https:\/\/www.sudoestehoje.com.br\/novoportal\/wp-content\/uploads\/2021\/07\/helder-e-rodrigo-500x343.jpeg 500w, https:\/\/www.sudoestehoje.com.br\/novoportal\/wp-content\/uploads\/2021\/07\/helder-e-rodrigo-700x481.jpeg 700w, https:\/\/www.sudoestehoje.com.br\/novoportal\/wp-content\/uploads\/2021\/07\/helder-e-rodrigo-768x527.jpeg 768w, https:\/\/www.sudoestehoje.com.br\/novoportal\/wp-content\/uploads\/2021\/07\/helder-e-rodrigo.jpeg 958w\" sizes=\"auto, (max-width: 500px) 100vw, 500px\" \/><\/a><\/p>\n<p>O vereador cita que encaminhou algumas indica\u00e7\u00f5es a serem aprovadas que ser\u00e3o de grande ganho para sa\u00fade de toda Itapetinga e a seu distrito e que acredita que o Executivo Municipal ir\u00e1 concretiz\u00e1-las com empenho e, assim, construir\u00e1 melhores condi\u00e7\u00f5es de vida a todos.<\/p>\n<p>Ao<strong><em> Sudoeste Hoje<\/em><\/strong>, Helder destacou importantes indica\u00e7\u00f5es aprovadas na C\u00e2mara Municipal, que ser\u00e3o transformadas em realiza\u00e7\u00f5es, pelo prefeito Rodrigo Hagge: <strong>Limpeza das margens do Rio Col\u00f4nia, patrolamento e cascalhamento de bairros, pavimenta\u00e7\u00e3o de ruas, implanta\u00e7\u00e3o de arquibancada e ilumina\u00e7\u00e3o do Campo de Futebol Edgar Brito e implanta\u00e7\u00e3o de Centro Recreativo na Creche Municipal Edimeia Neves,<\/strong> dentre outras que tramitam na C\u00e2mara e tamb\u00e9m necess\u00e1rias no Distrito.<\/p>\n<p>Antenado nas demandas do distrito, o vereador finalizou\u00a0dizendo que sempre ir\u00e1 buscar o que for melhor para o povo e que coisas boas est\u00e3o por vir.<\/p>\n<p><strong><em>Reda\u00e7\u00e3o SH<\/em><\/strong><\/p>\n","protected":false},"excerpt":{"rendered":"<p>Conclu\u00eddo o primeiro semestre do seu mandato, o vereador Helder Ladeia (PSC) mostrou \u00e0 popula\u00e7\u00e3o do distrito de Bandeira do Col\u00f4nia para que veio, computando in\u00fameras realiza\u00e7\u00f5es no campo administrativo e legislativo. Sempre atento com as demandas daqueles que o procuram, H\u00e9lder faz visitas constantes pelas ruas da comunidade acompanhando, fiscalizando e ouvindo seu povo. [&hellip;]<\/p>\n","protected":false},"author":2,"featured_media":95660,"comment_status":"open","ping_status":"open","sticky":false,"template":"","format":"standard","meta":{"footnotes":"","_links_to":"","_links_to_target":""},"categories":[1],"tags":[],"class_list":["post-95658","post","type-post","status-publish","format-standard","has-post-thumbnail","hentry","category-geral"],"views":1466,"_links":{"self":[{"href":"https:\/\/www.sudoestehoje.com.br\/novoportal\/wp-json\/wp\/v2\/posts\/95658","targetHints":{"allow":["GET"]}}],"collection":[{"href":"https:\/\/www.sudoestehoje.com.br\/novoportal\/wp-json\/wp\/v2\/posts"}],"about":[{"href":"https:\/\/www.sudoestehoje.com.br\/novoportal\/wp-json\/wp\/v2\/types\/post"}],"author":[{"embeddable":true,"href":"https:\/\/www.sudoestehoje.com.br\/novoportal\/wp-json\/wp\/v2\/users\/2"}],"replies":[{"embeddable":true,"href":"https:\/\/www.sudoestehoje.com.br\/novoportal\/wp-json\/wp\/v2\/comments?post=95658"}],"version-history":[{"count":5,"href":"https:\/\/www.sudoestehoje.com.br\/novoportal\/wp-json\/wp\/v2\/posts\/95658\/revisions"}],"predecessor-version":[{"id":95665,"href":"https:\/\/www.sudoestehoje.com.br\/novoportal\/wp-json\/wp\/v2\/posts\/95658\/revisions\/95665"}],"wp:featuredmedia":[{"embeddable":true,"href":"https:\/\/www.sudoestehoje.com.br\/novoportal\/wp-json\/wp\/v2\/media\/95660"}],"wp:attachment":[{"href":"https:\/\/www.sudoestehoje.com.br\/novoportal\/wp-json\/wp\/v2\/media?parent=95658"}],"wp:term":[{"taxonomy":"category","embeddable":true,"href":"https:\/\/www.sudoestehoje.com.br\/novoportal\/wp-json\/wp\/v2\/categories?post=95658"},{"taxonomy":"post_tag","embeddable":true,"href":"https:\/\/www.sudoestehoje.com.br\/novoportal\/wp-json\/wp\/v2\/tags?post=95658"}],"curies":[{"name":"wp","href":"https:\/\/api.w.org\/{rel}","templated":true}]}}