
{"id":95637,"date":"2021-07-01T20:30:04","date_gmt":"2021-07-01T23:30:04","guid":{"rendered":"https:\/\/www.sudoestehoje.com.br\/novoportal\/?p=95637"},"modified":"2021-07-01T20:30:04","modified_gmt":"2021-07-01T23:30:04","slug":"cidades-com-maior-percentual-de-vacinados-receberao-menos-doses-na-bahia","status":"publish","type":"post","link":"https:\/\/www.sudoestehoje.com.br\/novoportal\/2021\/07\/01\/cidades-com-maior-percentual-de-vacinados-receberao-menos-doses-na-bahia\/","title":{"rendered":"CIDADES COM MAIOR PERCENTUAL DE VACINADOS RECEBER\u00c3O MENOS DOSES NA BAHIA"},"content":{"rendered":"<div id=\"attachment_95639\" style=\"width: 510px\" class=\"wp-caption aligncenter\"><a href=\"https:\/\/www.sudoestehoje.com.br\/novoportal\/wp-content\/uploads\/2021\/07\/Chegada-do-primeiro-lote-de-doses-de-vacinas-contra-o-Covid-19-na-Bahia-20210119-678x381-1.jpg\"><img loading=\"lazy\" decoding=\"async\" aria-describedby=\"caption-attachment-95639\" class=\"size-medium wp-image-95639\" src=\"https:\/\/www.sudoestehoje.com.br\/novoportal\/wp-content\/uploads\/2021\/07\/Chegada-do-primeiro-lote-de-doses-de-vacinas-contra-o-Covid-19-na-Bahia-20210119-678x381-1-500x281.jpg\" alt=\"\" width=\"500\" height=\"281\" srcset=\"https:\/\/www.sudoestehoje.com.br\/novoportal\/wp-content\/uploads\/2021\/07\/Chegada-do-primeiro-lote-de-doses-de-vacinas-contra-o-Covid-19-na-Bahia-20210119-678x381-1-500x281.jpg 500w, https:\/\/www.sudoestehoje.com.br\/novoportal\/wp-content\/uploads\/2021\/07\/Chegada-do-primeiro-lote-de-doses-de-vacinas-contra-o-Covid-19-na-Bahia-20210119-678x381-1.jpg 678w\" sizes=\"auto, (max-width: 500px) 100vw, 500px\" \/><\/a><p id=\"caption-attachment-95639\" class=\"wp-caption-text\">Chegada do primeiro lote de doses de vacinas contra o Covid-19 na Bahia.<\/p><\/div>\n<p>Os munic\u00edpios que j\u00e1 atingiram 55%, 70% ou 90% na cobertura vacinal contra a Covid-19 em rela\u00e7\u00e3o a popula\u00e7\u00e3o alvo acima de 18 anos passar\u00e3o a receber menos doses para que outras cidades menos avan\u00e7adas possam acompanhar o ritmo.<\/p>\n<p>Para cada percentual, um tipo de \u201cfreio\u201d ser\u00e1 implementado. A nova delibera\u00e7\u00e3o partiu da Comiss\u00e3o Intergestores Bipartite (CIB), que inclui gestores dos munic\u00edpios e do governo da Bahia, e consta no Di\u00e1rio Oficial do Estado desta quinta-feira (1\u00ba).<\/p>\n<p>De acordo com a publica\u00e7\u00e3o, os munic\u00edpios com cobertura maior do que 55% de sua popula\u00e7\u00e3o alvo acima de 18 anos receber\u00e3o metade das doses que forem calculadas, at\u00e9 que a m\u00e9dia da cobertura estadual chegue a 55%.<\/p>\n<p>As cidades com cobertura maior do que 70%, receber\u00e3o 33% das doses at\u00e9 que a m\u00e9dia da cobertura estadual chegue a 70%; e os munic\u00edpios que j\u00e1 atingiram 90% de sua popula\u00e7\u00e3o alvo acima de 18 anos imunizada n\u00e3o receber\u00e3o vacinas at\u00e9 que a m\u00e9dia da cobertura estadual chegue a 90%.<\/p>\n","protected":false},"excerpt":{"rendered":"<p>Os munic\u00edpios que j\u00e1 atingiram 55%, 70% ou 90% na cobertura vacinal contra a Covid-19 em rela\u00e7\u00e3o a popula\u00e7\u00e3o alvo acima de 18 anos passar\u00e3o a receber menos doses para que outras cidades menos avan\u00e7adas possam acompanhar o ritmo. Para cada percentual, um tipo de \u201cfreio\u201d ser\u00e1 implementado. A nova delibera\u00e7\u00e3o partiu da Comiss\u00e3o Intergestores [&hellip;]<\/p>\n","protected":false},"author":2,"featured_media":0,"comment_status":"open","ping_status":"open","sticky":false,"template":"","format":"standard","meta":{"footnotes":"","_links_to":"","_links_to_target":""},"categories":[1],"tags":[],"class_list":["post-95637","post","type-post","status-publish","format-standard","hentry","category-geral"],"views":908,"_links":{"self":[{"href":"https:\/\/www.sudoestehoje.com.br\/novoportal\/wp-json\/wp\/v2\/posts\/95637","targetHints":{"allow":["GET"]}}],"collection":[{"href":"https:\/\/www.sudoestehoje.com.br\/novoportal\/wp-json\/wp\/v2\/posts"}],"about":[{"href":"https:\/\/www.sudoestehoje.com.br\/novoportal\/wp-json\/wp\/v2\/types\/post"}],"author":[{"embeddable":true,"href":"https:\/\/www.sudoestehoje.com.br\/novoportal\/wp-json\/wp\/v2\/users\/2"}],"replies":[{"embeddable":true,"href":"https:\/\/www.sudoestehoje.com.br\/novoportal\/wp-json\/wp\/v2\/comments?post=95637"}],"version-history":[{"count":2,"href":"https:\/\/www.sudoestehoje.com.br\/novoportal\/wp-json\/wp\/v2\/posts\/95637\/revisions"}],"predecessor-version":[{"id":95640,"href":"https:\/\/www.sudoestehoje.com.br\/novoportal\/wp-json\/wp\/v2\/posts\/95637\/revisions\/95640"}],"wp:attachment":[{"href":"https:\/\/www.sudoestehoje.com.br\/novoportal\/wp-json\/wp\/v2\/media?parent=95637"}],"wp:term":[{"taxonomy":"category","embeddable":true,"href":"https:\/\/www.sudoestehoje.com.br\/novoportal\/wp-json\/wp\/v2\/categories?post=95637"},{"taxonomy":"post_tag","embeddable":true,"href":"https:\/\/www.sudoestehoje.com.br\/novoportal\/wp-json\/wp\/v2\/tags?post=95637"}],"curies":[{"name":"wp","href":"https:\/\/api.w.org\/{rel}","templated":true}]}}