
{"id":95634,"date":"2021-07-01T19:41:05","date_gmt":"2021-07-01T22:41:05","guid":{"rendered":"https:\/\/www.sudoestehoje.com.br\/novoportal\/?p=95634"},"modified":"2021-07-01T19:41:05","modified_gmt":"2021-07-01T22:41:05","slug":"drive-thru-vai-vacinar-pessoas-acima-dos-30-anos-nesta-sexta-no-primaverao","status":"publish","type":"post","link":"https:\/\/www.sudoestehoje.com.br\/novoportal\/2021\/07\/01\/drive-thru-vai-vacinar-pessoas-acima-dos-30-anos-nesta-sexta-no-primaverao\/","title":{"rendered":"&#8216;DRIVE THRU&#8217; VAI VACINAR PESSOAS ACIMA DOS 30 ANOS NESTA SEXTA, NO PRIMAVER\u00c3O"},"content":{"rendered":"<p><a href=\"https:\/\/www.sudoestehoje.com.br\/novoportal\/wp-content\/uploads\/2021\/06\/drive-2.jpeg\"><img loading=\"lazy\" decoding=\"async\" class=\"aligncenter size-medium wp-image-95516\" src=\"https:\/\/www.sudoestehoje.com.br\/novoportal\/wp-content\/uploads\/2021\/06\/drive-2-500x375.jpeg\" alt=\"\" width=\"500\" height=\"375\" srcset=\"https:\/\/www.sudoestehoje.com.br\/novoportal\/wp-content\/uploads\/2021\/06\/drive-2-500x375.jpeg 500w, https:\/\/www.sudoestehoje.com.br\/novoportal\/wp-content\/uploads\/2021\/06\/drive-2-700x525.jpeg 700w, https:\/\/www.sudoestehoje.com.br\/novoportal\/wp-content\/uploads\/2021\/06\/drive-2-768x576.jpeg 768w, https:\/\/www.sudoestehoje.com.br\/novoportal\/wp-content\/uploads\/2021\/06\/drive-2.jpeg 1280w\" sizes=\"auto, (max-width: 500px) 100vw, 500px\" \/><\/a><\/p>\n<p>Itapetinga recebeu novas doses da vacina Astrazeneca e, para acelerar a campanha contra a covid-19 vai realizar mais um drive thru. No est\u00e1dio Primaver\u00e3o, a secretaria de sa\u00fade vai imunizar os itapetinguenses com mais de <strong>30 anos<\/strong>, que n\u00e3o fa\u00e7am parte de nenhum grupo priorit\u00e1rio.<\/p>\n<p>Para evitar aglomera\u00e7\u00e3o, s\u00f3 ser\u00e3o vacinados aqueles que estiverem em carros ou motos, utilizando m\u00e1scara e com os documentos necess\u00e1rios.<\/p>\n<p>A vacina\u00e7\u00e3o para pessoas acima desta faixa et\u00e1ria continua acontecendo normalmente nos postos de sa\u00fade.<\/p>\n","protected":false},"excerpt":{"rendered":"<p>Itapetinga recebeu novas doses da vacina Astrazeneca e, para acelerar a campanha contra a covid-19 vai realizar mais um drive thru. No est\u00e1dio Primaver\u00e3o, a secretaria de sa\u00fade vai imunizar os itapetinguenses com mais de 30 anos, que n\u00e3o fa\u00e7am parte de nenhum grupo priorit\u00e1rio. Para evitar aglomera\u00e7\u00e3o, s\u00f3 ser\u00e3o vacinados aqueles que estiverem em [&hellip;]<\/p>\n","protected":false},"author":2,"featured_media":95516,"comment_status":"open","ping_status":"open","sticky":false,"template":"","format":"standard","meta":{"footnotes":"","_links_to":"","_links_to_target":""},"categories":[1],"tags":[],"class_list":["post-95634","post","type-post","status-publish","format-standard","has-post-thumbnail","hentry","category-geral"],"views":916,"_links":{"self":[{"href":"https:\/\/www.sudoestehoje.com.br\/novoportal\/wp-json\/wp\/v2\/posts\/95634","targetHints":{"allow":["GET"]}}],"collection":[{"href":"https:\/\/www.sudoestehoje.com.br\/novoportal\/wp-json\/wp\/v2\/posts"}],"about":[{"href":"https:\/\/www.sudoestehoje.com.br\/novoportal\/wp-json\/wp\/v2\/types\/post"}],"author":[{"embeddable":true,"href":"https:\/\/www.sudoestehoje.com.br\/novoportal\/wp-json\/wp\/v2\/users\/2"}],"replies":[{"embeddable":true,"href":"https:\/\/www.sudoestehoje.com.br\/novoportal\/wp-json\/wp\/v2\/comments?post=95634"}],"version-history":[{"count":2,"href":"https:\/\/www.sudoestehoje.com.br\/novoportal\/wp-json\/wp\/v2\/posts\/95634\/revisions"}],"predecessor-version":[{"id":95636,"href":"https:\/\/www.sudoestehoje.com.br\/novoportal\/wp-json\/wp\/v2\/posts\/95634\/revisions\/95636"}],"wp:featuredmedia":[{"embeddable":true,"href":"https:\/\/www.sudoestehoje.com.br\/novoportal\/wp-json\/wp\/v2\/media\/95516"}],"wp:attachment":[{"href":"https:\/\/www.sudoestehoje.com.br\/novoportal\/wp-json\/wp\/v2\/media?parent=95634"}],"wp:term":[{"taxonomy":"category","embeddable":true,"href":"https:\/\/www.sudoestehoje.com.br\/novoportal\/wp-json\/wp\/v2\/categories?post=95634"},{"taxonomy":"post_tag","embeddable":true,"href":"https:\/\/www.sudoestehoje.com.br\/novoportal\/wp-json\/wp\/v2\/tags?post=95634"}],"curies":[{"name":"wp","href":"https:\/\/api.w.org\/{rel}","templated":true}]}}