
{"id":95621,"date":"2021-07-01T13:02:43","date_gmt":"2021-07-01T16:02:43","guid":{"rendered":"https:\/\/www.sudoestehoje.com.br\/novoportal\/?p=95621"},"modified":"2021-07-01T18:16:27","modified_gmt":"2021-07-01T21:16:27","slug":"itapetinga-fundacao-jose-silveira-celebra-oito-anos-de-gestao-do-hospital-cristo-redentor-com-acao-de-saude","status":"publish","type":"post","link":"https:\/\/www.sudoestehoje.com.br\/novoportal\/2021\/07\/01\/itapetinga-fundacao-jose-silveira-celebra-oito-anos-de-gestao-do-hospital-cristo-redentor-com-acao-de-saude\/","title":{"rendered":"ITAPETINGA: FUNDA\u00c7\u00c3O JOS\u00c9 SILVEIRA CELEBRA OITO ANOS DE GEST\u00c3O DO HOSPITAL CRISTO REDENTOR COM A\u00c7\u00c3O DE SA\u00daDE"},"content":{"rendered":"<p><a href=\"https:\/\/www.sudoestehoje.com.br\/novoportal\/wp-content\/uploads\/2021\/07\/HCR.jpeg\"><img loading=\"lazy\" decoding=\"async\" class=\"aligncenter size-medium wp-image-95628\" src=\"https:\/\/www.sudoestehoje.com.br\/novoportal\/wp-content\/uploads\/2021\/07\/HCR-500x333.jpeg\" alt=\"\" width=\"500\" height=\"333\" srcset=\"https:\/\/www.sudoestehoje.com.br\/novoportal\/wp-content\/uploads\/2021\/07\/HCR-500x333.jpeg 500w, https:\/\/www.sudoestehoje.com.br\/novoportal\/wp-content\/uploads\/2021\/07\/HCR-700x466.jpeg 700w, https:\/\/www.sudoestehoje.com.br\/novoportal\/wp-content\/uploads\/2021\/07\/HCR-768x512.jpeg 768w, https:\/\/www.sudoestehoje.com.br\/novoportal\/wp-content\/uploads\/2021\/07\/HCR.jpeg 1280w\" sizes=\"auto, (max-width: 500px) 100vw, 500px\" \/><\/a><\/p>\n<p>Para comemorar os oitos de gest\u00e3o do Hospital Cristo Redentor, a Funda\u00e7\u00e3o Jos\u00e9 Silveira (FJS) vai realizar uma a\u00e7\u00e3o de sa\u00fade em benef\u00edcio da popula\u00e7\u00e3o de Itapetinga e regi\u00e3o, nos dias 7 a 9 de julho. Ser\u00e3o oferecidos atendimentos em ginecologia, al\u00e9m de exames de mamografia, Raio-X, preventivo e ultrassonografia.<\/p>\n<p>A a\u00e7\u00e3o acontece no estacionamento do Hospital, das 7h30 \u00e0s 12h e das 13h \u00e0s 17h. Em virtude da pandemia pela Covid-19, os atendimentos ser\u00e3o realizados mediante agendamento pr\u00e9vio, por meio do telefone (77) 99990-7096.<\/p>\n<p>Al\u00e9m dos servi\u00e7os de sa\u00fade, no dia 9 acontece um culto ecum\u00eanico em A\u00e7\u00e3o de Gra\u00e7as, com a participa\u00e7\u00e3o do coral de colaboradores e a presen\u00e7a de autoridades.<\/p>\n<p>A FJS assumiu a gest\u00e3o do Hospital Cristo Redentor em 2013. Ao longo desses oito anos, foram promovidas muitas melhorias na unidade, como a inaugura\u00e7\u00e3o da primeira UTI do munic\u00edpio, reinaugura\u00e7\u00e3o do Pronto Socorro Arnaldo Teixeira, reforma dos apartamentos e, ainda, realiza\u00e7\u00e3o de 872.827 atendimentos. <strong><em>\/\/Ascom FJS<\/em><\/strong><\/p>\n","protected":false},"excerpt":{"rendered":"<p>Para comemorar os oitos de gest\u00e3o do Hospital Cristo Redentor, a Funda\u00e7\u00e3o Jos\u00e9 Silveira (FJS) vai realizar uma a\u00e7\u00e3o de sa\u00fade em benef\u00edcio da popula\u00e7\u00e3o de Itapetinga e regi\u00e3o, nos dias 7 a 9 de julho. Ser\u00e3o oferecidos atendimentos em ginecologia, al\u00e9m de exames de mamografia, Raio-X, preventivo e ultrassonografia. A a\u00e7\u00e3o acontece no estacionamento [&hellip;]<\/p>\n","protected":false},"author":2,"featured_media":95628,"comment_status":"open","ping_status":"open","sticky":false,"template":"","format":"standard","meta":{"footnotes":"","_links_to":"","_links_to_target":""},"categories":[1],"tags":[],"class_list":["post-95621","post","type-post","status-publish","format-standard","has-post-thumbnail","hentry","category-geral"],"views":779,"_links":{"self":[{"href":"https:\/\/www.sudoestehoje.com.br\/novoportal\/wp-json\/wp\/v2\/posts\/95621","targetHints":{"allow":["GET"]}}],"collection":[{"href":"https:\/\/www.sudoestehoje.com.br\/novoportal\/wp-json\/wp\/v2\/posts"}],"about":[{"href":"https:\/\/www.sudoestehoje.com.br\/novoportal\/wp-json\/wp\/v2\/types\/post"}],"author":[{"embeddable":true,"href":"https:\/\/www.sudoestehoje.com.br\/novoportal\/wp-json\/wp\/v2\/users\/2"}],"replies":[{"embeddable":true,"href":"https:\/\/www.sudoestehoje.com.br\/novoportal\/wp-json\/wp\/v2\/comments?post=95621"}],"version-history":[{"count":6,"href":"https:\/\/www.sudoestehoje.com.br\/novoportal\/wp-json\/wp\/v2\/posts\/95621\/revisions"}],"predecessor-version":[{"id":95629,"href":"https:\/\/www.sudoestehoje.com.br\/novoportal\/wp-json\/wp\/v2\/posts\/95621\/revisions\/95629"}],"wp:featuredmedia":[{"embeddable":true,"href":"https:\/\/www.sudoestehoje.com.br\/novoportal\/wp-json\/wp\/v2\/media\/95628"}],"wp:attachment":[{"href":"https:\/\/www.sudoestehoje.com.br\/novoportal\/wp-json\/wp\/v2\/media?parent=95621"}],"wp:term":[{"taxonomy":"category","embeddable":true,"href":"https:\/\/www.sudoestehoje.com.br\/novoportal\/wp-json\/wp\/v2\/categories?post=95621"},{"taxonomy":"post_tag","embeddable":true,"href":"https:\/\/www.sudoestehoje.com.br\/novoportal\/wp-json\/wp\/v2\/tags?post=95621"}],"curies":[{"name":"wp","href":"https:\/\/api.w.org\/{rel}","templated":true}]}}