
{"id":95603,"date":"2021-06-29T22:31:46","date_gmt":"2021-06-30T01:31:46","guid":{"rendered":"https:\/\/www.sudoestehoje.com.br\/novoportal\/?p=95603"},"modified":"2021-06-29T22:31:46","modified_gmt":"2021-06-30T01:31:46","slug":"comercio-de-itapetinga-vai-funcionar-meio-turno-no-feriado-do-2-de-julho","status":"publish","type":"post","link":"https:\/\/www.sudoestehoje.com.br\/novoportal\/2021\/06\/29\/comercio-de-itapetinga-vai-funcionar-meio-turno-no-feriado-do-2-de-julho\/","title":{"rendered":"COM\u00c9RCIO DE ITAPETINGA VAI FUNCIONAR MEIO-TURNO NO FERIADO DO 2 DE JULHO"},"content":{"rendered":"<p><a href=\"https:\/\/www.sudoestehoje.com.br\/novoportal\/wp-content\/uploads\/2021\/06\/cdl-2-de-julho.jpeg\"><img loading=\"lazy\" decoding=\"async\" class=\"aligncenter size-medium wp-image-95604\" src=\"https:\/\/www.sudoestehoje.com.br\/novoportal\/wp-content\/uploads\/2021\/06\/cdl-2-de-julho-500x500.jpeg\" alt=\"\" width=\"500\" height=\"500\" srcset=\"https:\/\/www.sudoestehoje.com.br\/novoportal\/wp-content\/uploads\/2021\/06\/cdl-2-de-julho-500x500.jpeg 500w, https:\/\/www.sudoestehoje.com.br\/novoportal\/wp-content\/uploads\/2021\/06\/cdl-2-de-julho-700x700.jpeg 700w, https:\/\/www.sudoestehoje.com.br\/novoportal\/wp-content\/uploads\/2021\/06\/cdl-2-de-julho-150x150.jpeg 150w, https:\/\/www.sudoestehoje.com.br\/novoportal\/wp-content\/uploads\/2021\/06\/cdl-2-de-julho-768x768.jpeg 768w, https:\/\/www.sudoestehoje.com.br\/novoportal\/wp-content\/uploads\/2021\/06\/cdl-2-de-julho.jpeg 1181w\" sizes=\"auto, (max-width: 500px) 100vw, 500px\" \/><\/a><\/p>\n<p>De acordo com publica\u00e7\u00e3o da CDL em redes sociais, o com\u00e9rcio de Itapetinga ser\u00e1 aberto na pr\u00f3xima sexta-feira, feriado do 2 de Julho, das 8 \u00e0s 13h.<\/p>\n<p>Segundo a CDL, o feriado da Independ\u00eancia da Bahia foi trocado pela segunda-feira do Carnaval, atrav\u00e9s de acordo com o Sindicato dos Comerci\u00e1rios.<\/p>\n<p><em><strong>Reda\u00e7\u00e3o SH<\/strong><\/em><\/p>\n","protected":false},"excerpt":{"rendered":"<p>De acordo com publica\u00e7\u00e3o da CDL em redes sociais, o com\u00e9rcio de Itapetinga ser\u00e1 aberto na pr\u00f3xima sexta-feira, feriado do 2 de Julho, das 8 \u00e0s 13h. Segundo a CDL, o feriado da Independ\u00eancia da Bahia foi trocado pela segunda-feira do Carnaval, atrav\u00e9s de acordo com o Sindicato dos Comerci\u00e1rios. Reda\u00e7\u00e3o SH<\/p>\n","protected":false},"author":2,"featured_media":95604,"comment_status":"open","ping_status":"open","sticky":false,"template":"","format":"standard","meta":{"footnotes":"","_links_to":"","_links_to_target":""},"categories":[1],"tags":[],"class_list":["post-95603","post","type-post","status-publish","format-standard","has-post-thumbnail","hentry","category-geral"],"views":991,"_links":{"self":[{"href":"https:\/\/www.sudoestehoje.com.br\/novoportal\/wp-json\/wp\/v2\/posts\/95603","targetHints":{"allow":["GET"]}}],"collection":[{"href":"https:\/\/www.sudoestehoje.com.br\/novoportal\/wp-json\/wp\/v2\/posts"}],"about":[{"href":"https:\/\/www.sudoestehoje.com.br\/novoportal\/wp-json\/wp\/v2\/types\/post"}],"author":[{"embeddable":true,"href":"https:\/\/www.sudoestehoje.com.br\/novoportal\/wp-json\/wp\/v2\/users\/2"}],"replies":[{"embeddable":true,"href":"https:\/\/www.sudoestehoje.com.br\/novoportal\/wp-json\/wp\/v2\/comments?post=95603"}],"version-history":[{"count":1,"href":"https:\/\/www.sudoestehoje.com.br\/novoportal\/wp-json\/wp\/v2\/posts\/95603\/revisions"}],"predecessor-version":[{"id":95605,"href":"https:\/\/www.sudoestehoje.com.br\/novoportal\/wp-json\/wp\/v2\/posts\/95603\/revisions\/95605"}],"wp:featuredmedia":[{"embeddable":true,"href":"https:\/\/www.sudoestehoje.com.br\/novoportal\/wp-json\/wp\/v2\/media\/95604"}],"wp:attachment":[{"href":"https:\/\/www.sudoestehoje.com.br\/novoportal\/wp-json\/wp\/v2\/media?parent=95603"}],"wp:term":[{"taxonomy":"category","embeddable":true,"href":"https:\/\/www.sudoestehoje.com.br\/novoportal\/wp-json\/wp\/v2\/categories?post=95603"},{"taxonomy":"post_tag","embeddable":true,"href":"https:\/\/www.sudoestehoje.com.br\/novoportal\/wp-json\/wp\/v2\/tags?post=95603"}],"curies":[{"name":"wp","href":"https:\/\/api.w.org\/{rel}","templated":true}]}}