
{"id":95592,"date":"2021-06-29T21:27:36","date_gmt":"2021-06-30T00:27:36","guid":{"rendered":"https:\/\/www.sudoestehoje.com.br\/novoportal\/?p=95592"},"modified":"2021-06-29T21:27:36","modified_gmt":"2021-06-30T00:27:36","slug":"corpo-de-lazaro-barbosa-e-liberado-mas-familia-nao-comparece-ao-iml","status":"publish","type":"post","link":"https:\/\/www.sudoestehoje.com.br\/novoportal\/2021\/06\/29\/corpo-de-lazaro-barbosa-e-liberado-mas-familia-nao-comparece-ao-iml\/","title":{"rendered":"CORPO DE L\u00c1ZARO BARBOSA \u00c9 LIBERADO, MAS FAM\u00cdLIA N\u00c3O COMPARECE AO IML"},"content":{"rendered":"<p><a href=\"https:\/\/www.sudoestehoje.com.br\/novoportal\/wp-content\/uploads\/2021\/06\/csm_Lazaro_Barbosa_assassino_estuprador_morto_em_Goias_foto_reproducao_0bf198c35e.jpg\"><img loading=\"lazy\" decoding=\"async\" class=\"aligncenter size-medium wp-image-95593\" src=\"https:\/\/www.sudoestehoje.com.br\/novoportal\/wp-content\/uploads\/2021\/06\/csm_Lazaro_Barbosa_assassino_estuprador_morto_em_Goias_foto_reproducao_0bf198c35e-500x311.jpg\" alt=\"\" width=\"500\" height=\"311\" srcset=\"https:\/\/www.sudoestehoje.com.br\/novoportal\/wp-content\/uploads\/2021\/06\/csm_Lazaro_Barbosa_assassino_estuprador_morto_em_Goias_foto_reproducao_0bf198c35e-500x311.jpg 500w, https:\/\/www.sudoestehoje.com.br\/novoportal\/wp-content\/uploads\/2021\/06\/csm_Lazaro_Barbosa_assassino_estuprador_morto_em_Goias_foto_reproducao_0bf198c35e-700x436.jpg 700w, https:\/\/www.sudoestehoje.com.br\/novoportal\/wp-content\/uploads\/2021\/06\/csm_Lazaro_Barbosa_assassino_estuprador_morto_em_Goias_foto_reproducao_0bf198c35e-768x478.jpg 768w, https:\/\/www.sudoestehoje.com.br\/novoportal\/wp-content\/uploads\/2021\/06\/csm_Lazaro_Barbosa_assassino_estuprador_morto_em_Goias_foto_reproducao_0bf198c35e.jpg 940w\" sizes=\"auto, (max-width: 500px) 100vw, 500px\" \/><\/a><\/p>\n<p class=\"bodytext\">At\u00e9 o fim da tarde desta ter\u00e7a-feira, 29, a fam\u00edlia de L\u00e1zaro Barbosa, de 32 anos, que ficou conhecido como o &#8216;Serial Killer do Distrito Federal&#8217;, n\u00e3o tinha comparecido ao Instituto M\u00e9dico Legal (IML) de Goi\u00e2nia para retirar o corpo. O criminoso foi morto na manh\u00e3 de segunda-feira, 28, ap\u00f3s ser atingido por 38 dos 125 tiros dados pelos policiais.<\/p>\n<p class=\"bodytext\">Ele vinha sendo ca\u00e7ado havia 20 dias, depois de assassinar uma fam\u00edlia em Ceil\u00e2ndia (DF). O corpo passou por per\u00edcia e desde a noite de segunda est\u00e1 liberado para sepultamento.<\/p>\n<p>O prazo para a retirada do cad\u00e1ver \u00e9 de 30 dias, ap\u00f3s o qual L\u00e1zaro poder\u00e1 ser enterrado como indigente, em cova comum. Familiares, no entanto, ainda assustados com a repercuss\u00e3o do caso, estariam esperando alguns dias para evitar poss\u00edvel rea\u00e7\u00e3o de moradores durante o sepultamento.<\/p>\n","protected":false},"excerpt":{"rendered":"<p>At\u00e9 o fim da tarde desta ter\u00e7a-feira, 29, a fam\u00edlia de L\u00e1zaro Barbosa, de 32 anos, que ficou conhecido como o &#8216;Serial Killer do Distrito Federal&#8217;, n\u00e3o tinha comparecido ao Instituto M\u00e9dico Legal (IML) de Goi\u00e2nia para retirar o corpo. O criminoso foi morto na manh\u00e3 de segunda-feira, 28, ap\u00f3s ser atingido por 38 dos [&hellip;]<\/p>\n","protected":false},"author":2,"featured_media":95593,"comment_status":"open","ping_status":"open","sticky":false,"template":"","format":"standard","meta":{"footnotes":"","_links_to":"","_links_to_target":""},"categories":[1],"tags":[],"class_list":["post-95592","post","type-post","status-publish","format-standard","has-post-thumbnail","hentry","category-geral"],"views":1198,"_links":{"self":[{"href":"https:\/\/www.sudoestehoje.com.br\/novoportal\/wp-json\/wp\/v2\/posts\/95592","targetHints":{"allow":["GET"]}}],"collection":[{"href":"https:\/\/www.sudoestehoje.com.br\/novoportal\/wp-json\/wp\/v2\/posts"}],"about":[{"href":"https:\/\/www.sudoestehoje.com.br\/novoportal\/wp-json\/wp\/v2\/types\/post"}],"author":[{"embeddable":true,"href":"https:\/\/www.sudoestehoje.com.br\/novoportal\/wp-json\/wp\/v2\/users\/2"}],"replies":[{"embeddable":true,"href":"https:\/\/www.sudoestehoje.com.br\/novoportal\/wp-json\/wp\/v2\/comments?post=95592"}],"version-history":[{"count":2,"href":"https:\/\/www.sudoestehoje.com.br\/novoportal\/wp-json\/wp\/v2\/posts\/95592\/revisions"}],"predecessor-version":[{"id":95595,"href":"https:\/\/www.sudoestehoje.com.br\/novoportal\/wp-json\/wp\/v2\/posts\/95592\/revisions\/95595"}],"wp:featuredmedia":[{"embeddable":true,"href":"https:\/\/www.sudoestehoje.com.br\/novoportal\/wp-json\/wp\/v2\/media\/95593"}],"wp:attachment":[{"href":"https:\/\/www.sudoestehoje.com.br\/novoportal\/wp-json\/wp\/v2\/media?parent=95592"}],"wp:term":[{"taxonomy":"category","embeddable":true,"href":"https:\/\/www.sudoestehoje.com.br\/novoportal\/wp-json\/wp\/v2\/categories?post=95592"},{"taxonomy":"post_tag","embeddable":true,"href":"https:\/\/www.sudoestehoje.com.br\/novoportal\/wp-json\/wp\/v2\/tags?post=95592"}],"curies":[{"name":"wp","href":"https:\/\/api.w.org\/{rel}","templated":true}]}}