
{"id":95573,"date":"2021-06-29T18:55:54","date_gmt":"2021-06-29T21:55:54","guid":{"rendered":"https:\/\/www.sudoestehoje.com.br\/novoportal\/?p=95573"},"modified":"2021-06-29T19:32:40","modified_gmt":"2021-06-29T22:32:40","slug":"campanha-de-vacinacao-contra-a-febre-aftosa-e-ampliada-ate-16-de-julho","status":"publish","type":"post","link":"https:\/\/www.sudoestehoje.com.br\/novoportal\/2021\/06\/29\/campanha-de-vacinacao-contra-a-febre-aftosa-e-ampliada-ate-16-de-julho\/","title":{"rendered":"CAMPANHA DE VACINA\u00c7\u00c3O CONTRA A FEBRE AFTOSA \u00c9 AMPLIADA AT\u00c9 16 DE JULHO"},"content":{"rendered":"<p><a href=\"https:\/\/www.sudoestehoje.com.br\/novoportal\/wp-content\/uploads\/2021\/06\/BOIADA.jpg\"><img loading=\"lazy\" decoding=\"async\" class=\"aligncenter size-medium wp-image-95574\" src=\"https:\/\/www.sudoestehoje.com.br\/novoportal\/wp-content\/uploads\/2021\/06\/BOIADA-500x344.jpg\" alt=\"\" width=\"500\" height=\"344\" srcset=\"https:\/\/www.sudoestehoje.com.br\/novoportal\/wp-content\/uploads\/2021\/06\/BOIADA-500x344.jpg 500w, https:\/\/www.sudoestehoje.com.br\/novoportal\/wp-content\/uploads\/2021\/06\/BOIADA-700x481.jpg 700w, https:\/\/www.sudoestehoje.com.br\/novoportal\/wp-content\/uploads\/2021\/06\/BOIADA.jpg 720w\" sizes=\"auto, (max-width: 500px) 100vw, 500px\" \/><\/a><\/p>\n<p>A Campanha de Vacina\u00e7\u00e3o contra Febre Aftosa em toda\u00a0a Bahia foi prorrogada at\u00e9 o dia 16 de julho, conforme an\u00fancio feito nesta ter\u00e7a-feira, 29, pela Ag\u00eancia Estadual de Defesa Agropecu\u00e1ria da Bahia (Adab). O cadastro poder\u00e1 ser entregue at\u00e9 1\u00ba de agosto nos escrit\u00f3rios da Adab, revendas de produtos agropecu\u00e1rios, sindicatos rurais ou por meio do\u00a0<a href=\"http:\/\/www.adab.ba.gov.br\/\" target=\"_blank\" rel=\"noopener noreferrer\"><strong>site da ag\u00eancia.<\/strong><\/a><\/p>\n<p>A ag\u00eancia baiana enviou of\u00edcio ao Minist\u00e9rio da Agricultura, Pecu\u00e1ria e Abastecimento (MAPA), \u00f3rg\u00e3o regulador para abastecer as revendas, solicitando urg\u00eancia no repasse das doses restantes para imunizar cerca de 11 milh\u00f5es de animais, ap\u00f3s detectar o problema.<\/p>\n<p>Em seguida, a Adab prorrogou o prazo inicial da campanha em um m\u00eas, alterando a data final de\u00a0<a href=\"https:\/\/atarde.uol.com.br\/bahia\/noticias\/2167545-vacinacao-contra-febre-aftosa-vai-ate-dia-31-de-maio-na-bahia\" target=\"_blank\" rel=\"noopener noreferrer\"><strong>31 de maio<\/strong><\/a>\u00a0para\u00a0<a href=\"https:\/\/atarde.uol.com.br\/portalmunicipios\/municipios\/noticias\/2170594-vacinacao-contra-febre-aftosa-e-prorrogada-ate-30-de-junho\" target=\"_blank\" rel=\"noopener noreferrer\"><strong>30 de junho.<\/strong><\/a>\u00a0A segunda prorroga\u00e7\u00e3o ocorreu em fun\u00e7\u00e3o do desabastecimento de vacinas registrado em 14 estados brasileiros, desde a primeira semana de maio. Com isso, os produtores baianos ganharam um prazo ainda maior para imunizar o rebanho de bovinos e bubalinos, de todas as faixas et\u00e1rias.<\/p>\n<p>De acordo com o diretor de Defesa Sanit\u00e1ria Animal da Adab, Carlos Augusto Sp\u00ednola, a Bahia recebeu cerca de 1,2 milh\u00e3o de doses, quantitativo j\u00e1 disponibilizado nas revendas e suficiente para atender a demanda de animais ainda n\u00e3o vacinados. \u201cO reabastecimento e a amplia\u00e7\u00e3o do prazo traz mais tranquilidade para os produtores e tamb\u00e9m ao sistema veterin\u00e1rio oficial&#8221;, pontuou.<\/p>\n<p>Conforme a Adab, s\u00e3o 80% de animais vacinados at\u00e9 ent\u00e3o e a Bahia almeja retirar a obrigatoriedade da vacina em 2023, o que de acordo com a Ag\u00eancia, &#8220;dever\u00e1 impulsionar o agroneg\u00f3cio&#8221;.<\/p>\n","protected":false},"excerpt":{"rendered":"<p>A Campanha de Vacina\u00e7\u00e3o contra Febre Aftosa em toda\u00a0a Bahia foi prorrogada at\u00e9 o dia 16 de julho, conforme an\u00fancio feito nesta ter\u00e7a-feira, 29, pela Ag\u00eancia Estadual de Defesa Agropecu\u00e1ria da Bahia (Adab). O cadastro poder\u00e1 ser entregue at\u00e9 1\u00ba de agosto nos escrit\u00f3rios da Adab, revendas de produtos agropecu\u00e1rios, sindicatos rurais ou por meio [&hellip;]<\/p>\n","protected":false},"author":2,"featured_media":95574,"comment_status":"open","ping_status":"open","sticky":false,"template":"","format":"standard","meta":{"footnotes":"","_links_to":"","_links_to_target":""},"categories":[1],"tags":[],"class_list":["post-95573","post","type-post","status-publish","format-standard","has-post-thumbnail","hentry","category-geral"],"views":1077,"_links":{"self":[{"href":"https:\/\/www.sudoestehoje.com.br\/novoportal\/wp-json\/wp\/v2\/posts\/95573","targetHints":{"allow":["GET"]}}],"collection":[{"href":"https:\/\/www.sudoestehoje.com.br\/novoportal\/wp-json\/wp\/v2\/posts"}],"about":[{"href":"https:\/\/www.sudoestehoje.com.br\/novoportal\/wp-json\/wp\/v2\/types\/post"}],"author":[{"embeddable":true,"href":"https:\/\/www.sudoestehoje.com.br\/novoportal\/wp-json\/wp\/v2\/users\/2"}],"replies":[{"embeddable":true,"href":"https:\/\/www.sudoestehoje.com.br\/novoportal\/wp-json\/wp\/v2\/comments?post=95573"}],"version-history":[{"count":2,"href":"https:\/\/www.sudoestehoje.com.br\/novoportal\/wp-json\/wp\/v2\/posts\/95573\/revisions"}],"predecessor-version":[{"id":95576,"href":"https:\/\/www.sudoestehoje.com.br\/novoportal\/wp-json\/wp\/v2\/posts\/95573\/revisions\/95576"}],"wp:featuredmedia":[{"embeddable":true,"href":"https:\/\/www.sudoestehoje.com.br\/novoportal\/wp-json\/wp\/v2\/media\/95574"}],"wp:attachment":[{"href":"https:\/\/www.sudoestehoje.com.br\/novoportal\/wp-json\/wp\/v2\/media?parent=95573"}],"wp:term":[{"taxonomy":"category","embeddable":true,"href":"https:\/\/www.sudoestehoje.com.br\/novoportal\/wp-json\/wp\/v2\/categories?post=95573"},{"taxonomy":"post_tag","embeddable":true,"href":"https:\/\/www.sudoestehoje.com.br\/novoportal\/wp-json\/wp\/v2\/tags?post=95573"}],"curies":[{"name":"wp","href":"https:\/\/api.w.org\/{rel}","templated":true}]}}