
{"id":9557,"date":"2011-10-11T09:29:53","date_gmt":"2011-10-11T12:29:53","guid":{"rendered":"http:\/\/www.sudoestehoje.com.br\/novoportal\/?p=9557"},"modified":"2011-10-11T09:29:53","modified_gmt":"2011-10-11T12:29:53","slug":"avenida-ivete-sangalo","status":"publish","type":"post","link":"https:\/\/www.sudoestehoje.com.br\/novoportal\/2011\/10\/11\/avenida-ivete-sangalo\/","title":{"rendered":"AVENIDA IVETE SANGALO"},"content":{"rendered":"<p><img decoding=\"async\" src=\"http:\/\/2.bp.blogspot.com\/-15kfkNc9E_k\/TdsVtfZDL2I\/AAAAAAAAAYI\/sQsLqNcOhHc\/s1600\/Ivete-Sangalo-musica.uol_1.jpg\" alt=\"\" width=\"160\" \/><\/p>\n<p>A musa do Ax\u00e9 Music, Ivete Sangalo, pode vir a Itapetinga, a qualquer momento, para inaugura\u00e7\u00e3o da avenida que foi batizada com o seu nome, a antiga Av. Julio Rodrigues. A inspira\u00e7\u00e3o dos moradores das Vilas para batizarem a avenida com o nome de Ivete, veio daquela famosa m\u00fasica &#8220;<em>poieira&#8230;poieira&#8230;levantou poeira..<\/em>.&#8221;. S\u00f3 quero ver que o nome os moradores v\u00e3o dar \u00e0 avenida, quando chegar a temporada de chuvas. \u00a0Algu\u00e9m a\u00ed tem alguma sugest\u00e3o?<\/p>\n","protected":false},"excerpt":{"rendered":"<p>A musa do Ax\u00e9 Music, Ivete Sangalo, pode vir a Itapetinga, a qualquer momento, para inaugura\u00e7\u00e3o da avenida que foi batizada com o seu nome, a antiga Av. Julio Rodrigues. A inspira\u00e7\u00e3o dos moradores das Vilas para batizarem a avenida com o nome de Ivete, veio daquela famosa m\u00fasica &#8220;poieira&#8230;poieira&#8230;levantou poeira&#8230;&#8221;. S\u00f3 quero ver que [&hellip;]<\/p>\n","protected":false},"author":2,"featured_media":0,"comment_status":"open","ping_status":"open","sticky":false,"template":"","format":"standard","meta":{"footnotes":"","_links_to":"","_links_to_target":""},"categories":[11],"tags":[],"class_list":["post-9557","post","type-post","status-publish","format-standard","hentry","category-quentinhas"],"views":1506,"_links":{"self":[{"href":"https:\/\/www.sudoestehoje.com.br\/novoportal\/wp-json\/wp\/v2\/posts\/9557","targetHints":{"allow":["GET"]}}],"collection":[{"href":"https:\/\/www.sudoestehoje.com.br\/novoportal\/wp-json\/wp\/v2\/posts"}],"about":[{"href":"https:\/\/www.sudoestehoje.com.br\/novoportal\/wp-json\/wp\/v2\/types\/post"}],"author":[{"embeddable":true,"href":"https:\/\/www.sudoestehoje.com.br\/novoportal\/wp-json\/wp\/v2\/users\/2"}],"replies":[{"embeddable":true,"href":"https:\/\/www.sudoestehoje.com.br\/novoportal\/wp-json\/wp\/v2\/comments?post=9557"}],"version-history":[{"count":2,"href":"https:\/\/www.sudoestehoje.com.br\/novoportal\/wp-json\/wp\/v2\/posts\/9557\/revisions"}],"predecessor-version":[{"id":9559,"href":"https:\/\/www.sudoestehoje.com.br\/novoportal\/wp-json\/wp\/v2\/posts\/9557\/revisions\/9559"}],"wp:attachment":[{"href":"https:\/\/www.sudoestehoje.com.br\/novoportal\/wp-json\/wp\/v2\/media?parent=9557"}],"wp:term":[{"taxonomy":"category","embeddable":true,"href":"https:\/\/www.sudoestehoje.com.br\/novoportal\/wp-json\/wp\/v2\/categories?post=9557"},{"taxonomy":"post_tag","embeddable":true,"href":"https:\/\/www.sudoestehoje.com.br\/novoportal\/wp-json\/wp\/v2\/tags?post=9557"}],"curies":[{"name":"wp","href":"https:\/\/api.w.org\/{rel}","templated":true}]}}