
{"id":95556,"date":"2021-06-28T22:39:50","date_gmt":"2021-06-29T01:39:50","guid":{"rendered":"https:\/\/www.sudoestehoje.com.br\/novoportal\/?p=95556"},"modified":"2021-06-28T23:01:10","modified_gmt":"2021-06-29T02:01:10","slug":"itapetinga-projeto-que-cria-zona-azul-tramita-na-camara-de-vereadores","status":"publish","type":"post","link":"https:\/\/www.sudoestehoje.com.br\/novoportal\/2021\/06\/28\/itapetinga-projeto-que-cria-zona-azul-tramita-na-camara-de-vereadores\/","title":{"rendered":"ITAPETINGA: PROJETO QUE CRIA ZONA AZUL TRAMITA NA C\u00c2MARA DE VEREADORES"},"content":{"rendered":"<p><a href=\"https:\/\/www.sudoestehoje.com.br\/novoportal\/wp-content\/uploads\/2021\/06\/zona-azul.jpg\"><img loading=\"lazy\" decoding=\"async\" class=\"aligncenter size-medium wp-image-95558\" src=\"https:\/\/www.sudoestehoje.com.br\/novoportal\/wp-content\/uploads\/2021\/06\/zona-azul-500x278.jpg\" alt=\"\" width=\"500\" height=\"278\" srcset=\"https:\/\/www.sudoestehoje.com.br\/novoportal\/wp-content\/uploads\/2021\/06\/zona-azul-500x278.jpg 500w, https:\/\/www.sudoestehoje.com.br\/novoportal\/wp-content\/uploads\/2021\/06\/zona-azul-700x390.jpg 700w, https:\/\/www.sudoestehoje.com.br\/novoportal\/wp-content\/uploads\/2021\/06\/zona-azul-768x427.jpg 768w, https:\/\/www.sudoestehoje.com.br\/novoportal\/wp-content\/uploads\/2021\/06\/zona-azul.jpg 796w\" sizes=\"auto, (max-width: 500px) 100vw, 500px\" \/><\/a><\/p>\n<p>Tramita na C\u00e2mara de Vereadores de Itapetinga, o novo projeto que cria a &#8216;Zona Azul&#8217; nas ruas que comp\u00f5em o centro comercial da cidade e adjac\u00eancias.<\/p>\n<p>De acordo com o projeto em aprecia\u00e7\u00e3o pelas comiss\u00f5es permanentes do legislativo, est\u00e1 prevista a contrata\u00e7\u00e3o de empresa para administrar o sistema no munic\u00edpio, atrav\u00e9s de processo licitat\u00f3rio, com base na legisla\u00e7\u00e3o.<\/p>\n<p>Antes de ser apreciado e votado pelo plen\u00e1rio, o projeto dever\u00e1 receber algumas emendas, visando o seu aperfei\u00e7oamento.<\/p>\n<p><strong><em>Por Davi Ferraz<\/em><\/strong><\/p>\n","protected":false},"excerpt":{"rendered":"<p>Tramita na C\u00e2mara de Vereadores de Itapetinga, o novo projeto que cria a &#8216;Zona Azul&#8217; nas ruas que comp\u00f5em o centro comercial da cidade e adjac\u00eancias. De acordo com o projeto em aprecia\u00e7\u00e3o pelas comiss\u00f5es permanentes do legislativo, est\u00e1 prevista a contrata\u00e7\u00e3o de empresa para administrar o sistema no munic\u00edpio, atrav\u00e9s de processo licitat\u00f3rio, com [&hellip;]<\/p>\n","protected":false},"author":2,"featured_media":95558,"comment_status":"open","ping_status":"open","sticky":false,"template":"","format":"standard","meta":{"footnotes":"","_links_to":"","_links_to_target":""},"categories":[1],"tags":[],"class_list":["post-95556","post","type-post","status-publish","format-standard","has-post-thumbnail","hentry","category-geral"],"views":990,"_links":{"self":[{"href":"https:\/\/www.sudoestehoje.com.br\/novoportal\/wp-json\/wp\/v2\/posts\/95556","targetHints":{"allow":["GET"]}}],"collection":[{"href":"https:\/\/www.sudoestehoje.com.br\/novoportal\/wp-json\/wp\/v2\/posts"}],"about":[{"href":"https:\/\/www.sudoestehoje.com.br\/novoportal\/wp-json\/wp\/v2\/types\/post"}],"author":[{"embeddable":true,"href":"https:\/\/www.sudoestehoje.com.br\/novoportal\/wp-json\/wp\/v2\/users\/2"}],"replies":[{"embeddable":true,"href":"https:\/\/www.sudoestehoje.com.br\/novoportal\/wp-json\/wp\/v2\/comments?post=95556"}],"version-history":[{"count":3,"href":"https:\/\/www.sudoestehoje.com.br\/novoportal\/wp-json\/wp\/v2\/posts\/95556\/revisions"}],"predecessor-version":[{"id":95560,"href":"https:\/\/www.sudoestehoje.com.br\/novoportal\/wp-json\/wp\/v2\/posts\/95556\/revisions\/95560"}],"wp:featuredmedia":[{"embeddable":true,"href":"https:\/\/www.sudoestehoje.com.br\/novoportal\/wp-json\/wp\/v2\/media\/95558"}],"wp:attachment":[{"href":"https:\/\/www.sudoestehoje.com.br\/novoportal\/wp-json\/wp\/v2\/media?parent=95556"}],"wp:term":[{"taxonomy":"category","embeddable":true,"href":"https:\/\/www.sudoestehoje.com.br\/novoportal\/wp-json\/wp\/v2\/categories?post=95556"},{"taxonomy":"post_tag","embeddable":true,"href":"https:\/\/www.sudoestehoje.com.br\/novoportal\/wp-json\/wp\/v2\/tags?post=95556"}],"curies":[{"name":"wp","href":"https:\/\/api.w.org\/{rel}","templated":true}]}}