
{"id":95491,"date":"2021-06-24T00:35:08","date_gmt":"2021-06-24T03:35:08","guid":{"rendered":"https:\/\/www.sudoestehoje.com.br\/novoportal\/?p=95491"},"modified":"2021-06-24T00:35:08","modified_gmt":"2021-06-24T03:35:08","slug":"em-nova-critica-ministro-diz-que-via-bahia-e-pior-concessao-do-brasil","status":"publish","type":"post","link":"https:\/\/www.sudoestehoje.com.br\/novoportal\/2021\/06\/24\/em-nova-critica-ministro-diz-que-via-bahia-e-pior-concessao-do-brasil\/","title":{"rendered":"EM NOVA CR\u00cdTICA, MINISTRO DIZ QUE VIA BAHIA \u00c9 &#8220;PIOR CONCESS\u00c3O DO BRASIL&#8221;"},"content":{"rendered":"<p><a href=\"https:\/\/www.sudoestehoje.com.br\/novoportal\/wp-content\/uploads\/2021\/06\/csm_pedagio_a8f2503ad3.jpg\"><img loading=\"lazy\" decoding=\"async\" class=\"aligncenter size-medium wp-image-95492\" src=\"https:\/\/www.sudoestehoje.com.br\/novoportal\/wp-content\/uploads\/2021\/06\/csm_pedagio_a8f2503ad3-500x314.jpg\" alt=\"\" width=\"500\" height=\"314\" srcset=\"https:\/\/www.sudoestehoje.com.br\/novoportal\/wp-content\/uploads\/2021\/06\/csm_pedagio_a8f2503ad3-500x314.jpg 500w, https:\/\/www.sudoestehoje.com.br\/novoportal\/wp-content\/uploads\/2021\/06\/csm_pedagio_a8f2503ad3-700x440.jpg 700w, https:\/\/www.sudoestehoje.com.br\/novoportal\/wp-content\/uploads\/2021\/06\/csm_pedagio_a8f2503ad3-768x483.jpg 768w, https:\/\/www.sudoestehoje.com.br\/novoportal\/wp-content\/uploads\/2021\/06\/csm_pedagio_a8f2503ad3.jpg 940w\" sizes=\"auto, (max-width: 500px) 100vw, 500px\" \/><\/a><\/p>\n<p class=\"bodytext\">O ministro da Infraestrutura, Tarc\u00edsio Gomes de Freitas, voltou a criticar a concession\u00e1ria Via Bahia, durante audi\u00eancia na C\u00e2mara dos Deputados na ter\u00e7a-feira (22). Ele disse que se trata da &#8220;pior concess\u00e3o do Brasil&#8221;,\u00a0voltou a acenar com a possibilidade de interven\u00e7\u00e3o federal\u00a0e diz que a empresa faz &#8220;deboche com a popula\u00e7\u00e3o&#8221;.\u00a0\u201cA Via Bahia \u00e9 um caso s\u00e9rio: a pior concess\u00e3o no Brasil. N\u00e3o d\u00e1 mais para suportar\u201d, detonou.<\/p>\n<p class=\"bodytext\">\u201cEstamos planejando uma interven\u00e7\u00e3o na Via Bahia. Pode ser o primeiro caso de interven\u00e7\u00e3o federal numa concess\u00e3o. A gente deve assumir o controle da concess\u00e3o e varrer do mapa aquela concession\u00e1ria, porque \u00e9 um deboche o que a Via Bahia faz com a popula\u00e7\u00e3o\u201d, afirmou Tarc\u00edcio. Ele se referia a uma proposta\u00a0de\u00a0passar o valor do ped\u00e1gio na BR-116 e na BR-324\u00a0para R$ 14<strong>\u00a0&#8211;\u00a0<\/strong>hoje, o valor \u00e9 de R$ 5,10 na BR-116 e R$ 2,90 na BR-324.<\/p>\n<p class=\"bodytext\">&#8220;N\u00e3o vamos aceitar isso&#8221;, disse o ministro. &#8220;\u00c9 um tapa na cara do usu\u00e1rio&#8221;. Ele diz que a empresa arrecadou 90% das receitas previstas no plano de neg\u00f3cios, mas n\u00e3o fez qualquer obra prevista em contrato, al\u00e9m de s\u00f3 fazer 30% de investimentos previstos por meio de fluxo de caixa marginal.<\/p>\n<p class=\"bodytext\">As disputas em rela\u00e7\u00e3o ao contrato levaram a\u00a0uma batalha jur\u00eddica e at\u00e9 agora as primeiras decis\u00f5es da Corte Arbitral canadense favoreceram a Uni\u00e3o.<\/p>\n<p class=\"bodytext\">Em nota, a Via Bahia reafirma que tem interesse em seguir administrando a BR-116 e a BR-324 e diz que tem &#8220;debatido os pleitos com o governo federal em C\u00e2mara de Arbitragem&#8221;. &#8220;A empresa refor\u00e7a o compromisso com o debate t\u00e9cnico e legal a fim de encontrar uma solu\u00e7\u00e3o ben\u00e9fica para a popula\u00e7\u00e3o da Bahia e todas as partes envolvidas no empreendimento&#8221;, diz o texto. \/\/<em>Correio<\/em><\/p>\n","protected":false},"excerpt":{"rendered":"<p>O ministro da Infraestrutura, Tarc\u00edsio Gomes de Freitas, voltou a criticar a concession\u00e1ria Via Bahia, durante audi\u00eancia na C\u00e2mara dos Deputados na ter\u00e7a-feira (22). Ele disse que se trata da &#8220;pior concess\u00e3o do Brasil&#8221;,\u00a0voltou a acenar com a possibilidade de interven\u00e7\u00e3o federal\u00a0e diz que a empresa faz &#8220;deboche com a popula\u00e7\u00e3o&#8221;.\u00a0\u201cA Via Bahia \u00e9 um [&hellip;]<\/p>\n","protected":false},"author":2,"featured_media":95492,"comment_status":"open","ping_status":"open","sticky":false,"template":"","format":"standard","meta":{"footnotes":"","_links_to":"","_links_to_target":""},"categories":[1],"tags":[],"class_list":["post-95491","post","type-post","status-publish","format-standard","has-post-thumbnail","hentry","category-geral"],"views":915,"_links":{"self":[{"href":"https:\/\/www.sudoestehoje.com.br\/novoportal\/wp-json\/wp\/v2\/posts\/95491","targetHints":{"allow":["GET"]}}],"collection":[{"href":"https:\/\/www.sudoestehoje.com.br\/novoportal\/wp-json\/wp\/v2\/posts"}],"about":[{"href":"https:\/\/www.sudoestehoje.com.br\/novoportal\/wp-json\/wp\/v2\/types\/post"}],"author":[{"embeddable":true,"href":"https:\/\/www.sudoestehoje.com.br\/novoportal\/wp-json\/wp\/v2\/users\/2"}],"replies":[{"embeddable":true,"href":"https:\/\/www.sudoestehoje.com.br\/novoportal\/wp-json\/wp\/v2\/comments?post=95491"}],"version-history":[{"count":2,"href":"https:\/\/www.sudoestehoje.com.br\/novoportal\/wp-json\/wp\/v2\/posts\/95491\/revisions"}],"predecessor-version":[{"id":95494,"href":"https:\/\/www.sudoestehoje.com.br\/novoportal\/wp-json\/wp\/v2\/posts\/95491\/revisions\/95494"}],"wp:featuredmedia":[{"embeddable":true,"href":"https:\/\/www.sudoestehoje.com.br\/novoportal\/wp-json\/wp\/v2\/media\/95492"}],"wp:attachment":[{"href":"https:\/\/www.sudoestehoje.com.br\/novoportal\/wp-json\/wp\/v2\/media?parent=95491"}],"wp:term":[{"taxonomy":"category","embeddable":true,"href":"https:\/\/www.sudoestehoje.com.br\/novoportal\/wp-json\/wp\/v2\/categories?post=95491"},{"taxonomy":"post_tag","embeddable":true,"href":"https:\/\/www.sudoestehoje.com.br\/novoportal\/wp-json\/wp\/v2\/tags?post=95491"}],"curies":[{"name":"wp","href":"https:\/\/api.w.org\/{rel}","templated":true}]}}