
{"id":95470,"date":"2021-06-23T20:18:13","date_gmt":"2021-06-23T23:18:13","guid":{"rendered":"https:\/\/www.sudoestehoje.com.br\/novoportal\/?p=95470"},"modified":"2021-06-23T20:21:31","modified_gmt":"2021-06-23T23:21:31","slug":"itapetinga-policia-civil-deflagra-operacao-terra-firme-e-desarticula-organizacao-criminosa-especializada-em-roubo-de-gado","status":"publish","type":"post","link":"https:\/\/www.sudoestehoje.com.br\/novoportal\/2021\/06\/23\/itapetinga-policia-civil-deflagra-operacao-terra-firme-e-desarticula-organizacao-criminosa-especializada-em-roubo-de-gado\/","title":{"rendered":"ITAPETINGA: POL\u00cdCIA CIVIL DEFLAGRA \u201cOPERA\u00c7\u00c3O TERRA FIRME\u201d E DESARTICULA ORGANIZA\u00c7\u00c3O CRIMINOSA ESPECIALIZADA EM ROUBO DE GADO"},"content":{"rendered":"<p><a href=\"https:\/\/www.sudoestehoje.com.br\/novoportal\/wp-content\/uploads\/2021\/06\/roubo-gado-2.jpeg\"><img loading=\"lazy\" decoding=\"async\" class=\"aligncenter size-medium wp-image-95474\" src=\"https:\/\/www.sudoestehoje.com.br\/novoportal\/wp-content\/uploads\/2021\/06\/roubo-gado-2-500x308.jpeg\" alt=\"\" width=\"500\" height=\"308\" srcset=\"https:\/\/www.sudoestehoje.com.br\/novoportal\/wp-content\/uploads\/2021\/06\/roubo-gado-2-500x308.jpeg 500w, https:\/\/www.sudoestehoje.com.br\/novoportal\/wp-content\/uploads\/2021\/06\/roubo-gado-2-700x431.jpeg 700w, https:\/\/www.sudoestehoje.com.br\/novoportal\/wp-content\/uploads\/2021\/06\/roubo-gado-2.jpeg 768w\" sizes=\"auto, (max-width: 500px) 100vw, 500px\" \/><\/a><\/p>\n<p>Nos dias de ontem e hoje (22 e 23), a Pol\u00edcia Civil deflagrou a OPERA\u00c7\u00c3O TERRA FIRME, com o objetivo de cumprir mandados de pris\u00e3o tempor\u00e1ria, ap\u00f3s investiga\u00e7\u00e3o de crimes de Roubo de caminh\u00f5es de gado, ocorridos na Rodovia BA-670, nos trechos que cortam os munic\u00edpios de <strong>Itapetinga, Potiragu\u00e1<\/strong> e adjac\u00eancias, tendo como v\u00edtimas caminh\u00f5es que transportam cargas de bois gordos destinados a abate num Frigorifico de Itapetinga, bem como um caminh\u00e3o j\u00e1 carregado com carne resfriada pronta para consumo, que saiu da cidade de Po\u00e7\u00f5es com destino ao extremo sul do Estado.<\/p>\n<p><a href=\"https:\/\/www.sudoestehoje.com.br\/novoportal\/wp-content\/uploads\/2021\/06\/roubo-gado-1.jpeg\"><img loading=\"lazy\" decoding=\"async\" class=\"aligncenter size-medium wp-image-95475\" src=\"https:\/\/www.sudoestehoje.com.br\/novoportal\/wp-content\/uploads\/2021\/06\/roubo-gado-1-500x299.jpeg\" alt=\"\" width=\"500\" height=\"299\" srcset=\"https:\/\/www.sudoestehoje.com.br\/novoportal\/wp-content\/uploads\/2021\/06\/roubo-gado-1-500x299.jpeg 500w, https:\/\/www.sudoestehoje.com.br\/novoportal\/wp-content\/uploads\/2021\/06\/roubo-gado-1-700x419.jpeg 700w, https:\/\/www.sudoestehoje.com.br\/novoportal\/wp-content\/uploads\/2021\/06\/roubo-gado-1-768x460.jpeg 768w, https:\/\/www.sudoestehoje.com.br\/novoportal\/wp-content\/uploads\/2021\/06\/roubo-gado-1.jpeg 802w\" sizes=\"auto, (max-width: 500px) 100vw, 500px\" \/><\/a><\/p>\n<p>Os mandados foram cumpridos nas cidades de Itabuna, Jequi\u00e9 e Valen\u00e7a, sendo preso em Itabuna o chefe da Organiza\u00e7\u00e3o Criminosa identificado como A. E. DE J. N., 39 anos, com antecedentes criminais por roubo, bem sua companheira A. L. A., 44 anos, que al\u00e9m de ser respons\u00e1vel pela contabilidade da ORCRIM, tamb\u00e9m estava de posse de um dos aparelhos celulares roubado de um dos caminhoneiros.<\/p>\n<p>A.E. De J.N., foi aprendido com uma caminhonete FIAT TORO de proced\u00eancia duvidosa e que tamb\u00e9m pode ter sido utilizada nas a\u00e7\u00f5es criminosas.<\/p>\n<p>Em Valen\u00e7a, os Policiais Civis prenderam L.F.A.S., 21 anos, que tamb\u00e9m participava diretamente dos roubos, al\u00e9m de informar sobre poss\u00edveis cargas a serem escoltadas e roubadas.\u00a0Na cidade de Jequi\u00e9, as equipes da Pol\u00edcia Civil localizaram e prenderam A.C.S., 29 anos, respons\u00e1vel pela vigil\u00e2ncia de um im\u00f3vel rural onde a quadrilha escondia armas e produtos dos crimes, que n\u00e3o foram localizados.<\/p>\n<p><a href=\"https:\/\/www.sudoestehoje.com.br\/novoportal\/wp-content\/uploads\/2021\/06\/roubo-gado-3.jpeg\"><img loading=\"lazy\" decoding=\"async\" class=\"aligncenter size-medium wp-image-95473\" src=\"https:\/\/www.sudoestehoje.com.br\/novoportal\/wp-content\/uploads\/2021\/06\/roubo-gado-3-500x276.jpeg\" alt=\"\" width=\"500\" height=\"276\" srcset=\"https:\/\/www.sudoestehoje.com.br\/novoportal\/wp-content\/uploads\/2021\/06\/roubo-gado-3-500x276.jpeg 500w, https:\/\/www.sudoestehoje.com.br\/novoportal\/wp-content\/uploads\/2021\/06\/roubo-gado-3.jpeg 540w\" sizes=\"auto, (max-width: 500px) 100vw, 500px\" \/><\/a><\/p>\n<p>Em mar\u00e7o, a PRF aprendeu em Itabuna, um dos ve\u00edculo VW GOL, roubado, que era utilizado pela quadrilha nas a\u00e7\u00f5es criminosas, ap\u00f3s uma persegui\u00e7\u00e3o, onde os ocupantes conseguiram empreender fuga pelo matagal da BR 101.<\/p>\n<p>No dia 14\/06, a PM e PRF, perseguiram um ve\u00edculo VW POLO, na BR 116, em Jequie, que colidiu e o motorista trocou tiros com os Policiais, vindo a \u00f3bito. O motorista foi identificado como E.V.M., 30, anos, que era residente na cidade de Itarantim, indiv\u00edduo que participava diretamente dos crimes e era o motorista dos caminh\u00f5es roubados, desovando os animais roubados aos receptadores, ainda n\u00e3o identificados.<\/p>\n<p><a href=\"https:\/\/www.sudoestehoje.com.br\/novoportal\/wp-content\/uploads\/2021\/06\/roubo-gado-4.jpeg\"><img loading=\"lazy\" decoding=\"async\" class=\"aligncenter size-medium wp-image-95472\" src=\"https:\/\/www.sudoestehoje.com.br\/novoportal\/wp-content\/uploads\/2021\/06\/roubo-gado-4-500x325.jpeg\" alt=\"\" width=\"500\" height=\"325\" srcset=\"https:\/\/www.sudoestehoje.com.br\/novoportal\/wp-content\/uploads\/2021\/06\/roubo-gado-4-500x325.jpeg 500w, https:\/\/www.sudoestehoje.com.br\/novoportal\/wp-content\/uploads\/2021\/06\/roubo-gado-4.jpeg 634w\" sizes=\"auto, (max-width: 500px) 100vw, 500px\" \/><\/a><\/p>\n<p>A quadrilha planejava nos pr\u00f3ximos dias roubar uma carga de queijos na cidade de Itarantim, uma carga de frutas em Valenca e uma carga de cacau entre Itabuna e Ilh\u00e9us.<\/p>\n<p>A Opera\u00e7\u00e3o Terra Firme foi deflagrada pelo DEPIN, atrav\u00e9s das 21a Coorpin-Itapetinga, 6a Coorpin-Itabuna, 9a Coorpin-Jequie e 5a Coorpin-Valenca e com a SI\/SSP.<\/p>\n<p>As investiga\u00e7\u00f5es continuam para identificar e localizar os receptadores das cargas roubadas.<\/p>\n","protected":false},"excerpt":{"rendered":"<p>Nos dias de ontem e hoje (22 e 23), a Pol\u00edcia Civil deflagrou a OPERA\u00c7\u00c3O TERRA FIRME, com o objetivo de cumprir mandados de pris\u00e3o tempor\u00e1ria, ap\u00f3s investiga\u00e7\u00e3o de crimes de Roubo de caminh\u00f5es de gado, ocorridos na Rodovia BA-670, nos trechos que cortam os munic\u00edpios de Itapetinga, Potiragu\u00e1 e adjac\u00eancias, tendo como v\u00edtimas caminh\u00f5es [&hellip;]<\/p>\n","protected":false},"author":2,"featured_media":95475,"comment_status":"open","ping_status":"open","sticky":false,"template":"","format":"standard","meta":{"footnotes":"","_links_to":"","_links_to_target":""},"categories":[1],"tags":[],"class_list":["post-95470","post","type-post","status-publish","format-standard","has-post-thumbnail","hentry","category-geral"],"views":1653,"_links":{"self":[{"href":"https:\/\/www.sudoestehoje.com.br\/novoportal\/wp-json\/wp\/v2\/posts\/95470","targetHints":{"allow":["GET"]}}],"collection":[{"href":"https:\/\/www.sudoestehoje.com.br\/novoportal\/wp-json\/wp\/v2\/posts"}],"about":[{"href":"https:\/\/www.sudoestehoje.com.br\/novoportal\/wp-json\/wp\/v2\/types\/post"}],"author":[{"embeddable":true,"href":"https:\/\/www.sudoestehoje.com.br\/novoportal\/wp-json\/wp\/v2\/users\/2"}],"replies":[{"embeddable":true,"href":"https:\/\/www.sudoestehoje.com.br\/novoportal\/wp-json\/wp\/v2\/comments?post=95470"}],"version-history":[{"count":3,"href":"https:\/\/www.sudoestehoje.com.br\/novoportal\/wp-json\/wp\/v2\/posts\/95470\/revisions"}],"predecessor-version":[{"id":95477,"href":"https:\/\/www.sudoestehoje.com.br\/novoportal\/wp-json\/wp\/v2\/posts\/95470\/revisions\/95477"}],"wp:featuredmedia":[{"embeddable":true,"href":"https:\/\/www.sudoestehoje.com.br\/novoportal\/wp-json\/wp\/v2\/media\/95475"}],"wp:attachment":[{"href":"https:\/\/www.sudoestehoje.com.br\/novoportal\/wp-json\/wp\/v2\/media?parent=95470"}],"wp:term":[{"taxonomy":"category","embeddable":true,"href":"https:\/\/www.sudoestehoje.com.br\/novoportal\/wp-json\/wp\/v2\/categories?post=95470"},{"taxonomy":"post_tag","embeddable":true,"href":"https:\/\/www.sudoestehoje.com.br\/novoportal\/wp-json\/wp\/v2\/tags?post=95470"}],"curies":[{"name":"wp","href":"https:\/\/api.w.org\/{rel}","templated":true}]}}