
{"id":95466,"date":"2021-06-23T19:50:38","date_gmt":"2021-06-23T22:50:38","guid":{"rendered":"https:\/\/www.sudoestehoje.com.br\/novoportal\/?p=95466"},"modified":"2021-06-23T19:50:38","modified_gmt":"2021-06-23T22:50:38","slug":"itapetinga-vacinacao-a-partir-de-30-anos-contra-a-covid-19-nesta-quinta","status":"publish","type":"post","link":"https:\/\/www.sudoestehoje.com.br\/novoportal\/2021\/06\/23\/itapetinga-vacinacao-a-partir-de-30-anos-contra-a-covid-19-nesta-quinta\/","title":{"rendered":"ITAPETINGA: VACINA\u00c7\u00c3O A PARTIR DE 30 ANOS CONTRA A COVID-19, NESTA QUINTA"},"content":{"rendered":"<p><a href=\"https:\/\/www.sudoestehoje.com.br\/novoportal\/wp-content\/uploads\/2021\/06\/VACINA-AOS-30.jpeg\"><img loading=\"lazy\" decoding=\"async\" class=\"aligncenter size-medium wp-image-95467\" src=\"https:\/\/www.sudoestehoje.com.br\/novoportal\/wp-content\/uploads\/2021\/06\/VACINA-AOS-30-500x500.jpeg\" alt=\"\" width=\"500\" height=\"500\" srcset=\"https:\/\/www.sudoestehoje.com.br\/novoportal\/wp-content\/uploads\/2021\/06\/VACINA-AOS-30-500x500.jpeg 500w, https:\/\/www.sudoestehoje.com.br\/novoportal\/wp-content\/uploads\/2021\/06\/VACINA-AOS-30-700x700.jpeg 700w, https:\/\/www.sudoestehoje.com.br\/novoportal\/wp-content\/uploads\/2021\/06\/VACINA-AOS-30-150x150.jpeg 150w, https:\/\/www.sudoestehoje.com.br\/novoportal\/wp-content\/uploads\/2021\/06\/VACINA-AOS-30-768x768.jpeg 768w, https:\/\/www.sudoestehoje.com.br\/novoportal\/wp-content\/uploads\/2021\/06\/VACINA-AOS-30.jpeg 1180w\" sizes=\"auto, (max-width: 500px) 100vw, 500px\" \/><\/a><\/p>\n<p>Ap\u00f3s iniciar a vacina\u00e7\u00e3o de pessoas a partir de 40 anos, nesta quarta-feira (23) a Secretaria de Sa\u00fade de Itapetinga ampliou a cobertura para pessoas a partir de 30 anos, nesta quinta (24).<\/p>\n<p>A vacina\u00e7\u00e3o ser\u00e1 pelo sistema &#8216;Drive Thru&#8217;, com limite m\u00e1ximo de <strong>2 pessoas por carro<\/strong>, a partir das 8h da manh\u00e3, no Est\u00e1dio Primavera.<\/p>\n<p>Ser\u00e3o imunizados com a primeira dose da vacina, pacientes com mais de 30 anos, que n\u00e3o fazem parte de nenhum grupo priorit\u00e1rio.<\/p>\n<p><strong><em>Por Davi Ferraz<\/em><\/strong><\/p>\n","protected":false},"excerpt":{"rendered":"<p>Ap\u00f3s iniciar a vacina\u00e7\u00e3o de pessoas a partir de 40 anos, nesta quarta-feira (23) a Secretaria de Sa\u00fade de Itapetinga ampliou a cobertura para pessoas a partir de 30 anos, nesta quinta (24). A vacina\u00e7\u00e3o ser\u00e1 pelo sistema &#8216;Drive Thru&#8217;, com limite m\u00e1ximo de 2 pessoas por carro, a partir das 8h da manh\u00e3, no [&hellip;]<\/p>\n","protected":false},"author":2,"featured_media":95467,"comment_status":"open","ping_status":"open","sticky":false,"template":"","format":"standard","meta":{"footnotes":"","_links_to":"","_links_to_target":""},"categories":[1],"tags":[],"class_list":["post-95466","post","type-post","status-publish","format-standard","has-post-thumbnail","hentry","category-geral"],"views":717,"_links":{"self":[{"href":"https:\/\/www.sudoestehoje.com.br\/novoportal\/wp-json\/wp\/v2\/posts\/95466","targetHints":{"allow":["GET"]}}],"collection":[{"href":"https:\/\/www.sudoestehoje.com.br\/novoportal\/wp-json\/wp\/v2\/posts"}],"about":[{"href":"https:\/\/www.sudoestehoje.com.br\/novoportal\/wp-json\/wp\/v2\/types\/post"}],"author":[{"embeddable":true,"href":"https:\/\/www.sudoestehoje.com.br\/novoportal\/wp-json\/wp\/v2\/users\/2"}],"replies":[{"embeddable":true,"href":"https:\/\/www.sudoestehoje.com.br\/novoportal\/wp-json\/wp\/v2\/comments?post=95466"}],"version-history":[{"count":2,"href":"https:\/\/www.sudoestehoje.com.br\/novoportal\/wp-json\/wp\/v2\/posts\/95466\/revisions"}],"predecessor-version":[{"id":95469,"href":"https:\/\/www.sudoestehoje.com.br\/novoportal\/wp-json\/wp\/v2\/posts\/95466\/revisions\/95469"}],"wp:featuredmedia":[{"embeddable":true,"href":"https:\/\/www.sudoestehoje.com.br\/novoportal\/wp-json\/wp\/v2\/media\/95467"}],"wp:attachment":[{"href":"https:\/\/www.sudoestehoje.com.br\/novoportal\/wp-json\/wp\/v2\/media?parent=95466"}],"wp:term":[{"taxonomy":"category","embeddable":true,"href":"https:\/\/www.sudoestehoje.com.br\/novoportal\/wp-json\/wp\/v2\/categories?post=95466"},{"taxonomy":"post_tag","embeddable":true,"href":"https:\/\/www.sudoestehoje.com.br\/novoportal\/wp-json\/wp\/v2\/tags?post=95466"}],"curies":[{"name":"wp","href":"https:\/\/api.w.org\/{rel}","templated":true}]}}