
{"id":95397,"date":"2021-06-20T23:01:50","date_gmt":"2021-06-21T02:01:50","guid":{"rendered":"https:\/\/www.sudoestehoje.com.br\/novoportal\/?p=95397"},"modified":"2021-06-20T23:03:03","modified_gmt":"2021-06-21T02:03:03","slug":"cancelamento-do-sao-joao-da-prejuizo-de-r-79-milhoes-de-icms-ao-estado-da-bahia","status":"publish","type":"post","link":"https:\/\/www.sudoestehoje.com.br\/novoportal\/2021\/06\/20\/cancelamento-do-sao-joao-da-prejuizo-de-r-79-milhoes-de-icms-ao-estado-da-bahia\/","title":{"rendered":"CANCELAMENTO DO S\u00c3O JO\u00c3O D\u00c1 PREJU\u00cdZO DE R$ 79 MILH\u00d5ES DE ICMS AO ESTADO DA BAHIA"},"content":{"rendered":"<p><a href=\"https:\/\/www.sudoestehoje.com.br\/novoportal\/wp-content\/uploads\/2021\/06\/S\u00e3o-Jo\u00e3o-1-1.jpg\"><img loading=\"lazy\" decoding=\"async\" class=\"aligncenter size-medium wp-image-95400\" src=\"https:\/\/www.sudoestehoje.com.br\/novoportal\/wp-content\/uploads\/2021\/06\/S\u00e3o-Jo\u00e3o-1-1-500x273.jpg\" alt=\"\" width=\"500\" height=\"273\" srcset=\"https:\/\/www.sudoestehoje.com.br\/novoportal\/wp-content\/uploads\/2021\/06\/S\u00e3o-Jo\u00e3o-1-1-500x273.jpg 500w, https:\/\/www.sudoestehoje.com.br\/novoportal\/wp-content\/uploads\/2021\/06\/S\u00e3o-Jo\u00e3o-1-1-700x383.jpg 700w, https:\/\/www.sudoestehoje.com.br\/novoportal\/wp-content\/uploads\/2021\/06\/S\u00e3o-Jo\u00e3o-1-1.jpg 750w\" sizes=\"auto, (max-width: 500px) 100vw, 500px\" \/><\/a><\/p>\n<p>A Bahia vai deixar de arrecadar R$ 79 milh\u00f5es de ICMS influenciado pelo cancelamento do S\u00e3o Jo\u00e3o, conforme estudo da Superintend\u00eancia de Estudos Econ\u00f4micos e Sociais da Bahia (SEI), divulgado nesta sexta-feira (18).<\/p>\n<p>De acordo com um da SEI, a quantia que deixar\u00e1 de ser arrecadada n\u00e3o pode ser atribu\u00edda exclusivamente ao cancelamento do S\u00e3o Jo\u00e3o, mas influenciada tamb\u00e9m pela suspens\u00e3o da festa. Este \u00e9 o\u00a0segundo ano sem S\u00e3o Jo\u00e3o na Bahia por causa da pandemia da Covid-19. Ainda de acordo com a estimativa da superintend\u00eancia, 1.476.600 pessoas deixar\u00e3o de viajar para munic\u00edpios do interior baiano no per\u00edodo dos festejos juninos.<\/p>\n<p>Com base no \u00faltimo ano comemorativo dos festejos juninos, em 2019, estima-se que ao menos R$ 64,7 milh\u00f5es provenientes do setor p\u00fablico deixar\u00e3o de impulsionar os festejos, em especial o mercado da m\u00fasica. Destes, R$ 50,9 milh\u00f5es s\u00e3o recursos aportados por 311 munic\u00edpios e R$ 13,8 milh\u00f5es pelo Governo do Estado.<\/p>\n<p>De acordo com o estudo, deixar\u00e1 de entrar na Bahia R$ 107 milh\u00f5es decorrentes de gastos de turistas nacionais e estrangeiro.<\/p>\n<p>Devido a pandemia, 24,2 mil empregos formais e informais deixar\u00e3o de ser gerados nos setores com atividades correlacionadas com o festejo junino, sofrendo impacto tamb\u00e9m pelo cancelamento do S\u00e3o Jo\u00e3o.<\/p>\n","protected":false},"excerpt":{"rendered":"<p>A Bahia vai deixar de arrecadar R$ 79 milh\u00f5es de ICMS influenciado pelo cancelamento do S\u00e3o Jo\u00e3o, conforme estudo da Superintend\u00eancia de Estudos Econ\u00f4micos e Sociais da Bahia (SEI), divulgado nesta sexta-feira (18). De acordo com um da SEI, a quantia que deixar\u00e1 de ser arrecadada n\u00e3o pode ser atribu\u00edda exclusivamente ao cancelamento do S\u00e3o [&hellip;]<\/p>\n","protected":false},"author":2,"featured_media":95400,"comment_status":"open","ping_status":"open","sticky":false,"template":"","format":"standard","meta":{"footnotes":"","_links_to":"","_links_to_target":""},"categories":[1],"tags":[],"class_list":["post-95397","post","type-post","status-publish","format-standard","has-post-thumbnail","hentry","category-geral"],"views":891,"_links":{"self":[{"href":"https:\/\/www.sudoestehoje.com.br\/novoportal\/wp-json\/wp\/v2\/posts\/95397","targetHints":{"allow":["GET"]}}],"collection":[{"href":"https:\/\/www.sudoestehoje.com.br\/novoportal\/wp-json\/wp\/v2\/posts"}],"about":[{"href":"https:\/\/www.sudoestehoje.com.br\/novoportal\/wp-json\/wp\/v2\/types\/post"}],"author":[{"embeddable":true,"href":"https:\/\/www.sudoestehoje.com.br\/novoportal\/wp-json\/wp\/v2\/users\/2"}],"replies":[{"embeddable":true,"href":"https:\/\/www.sudoestehoje.com.br\/novoportal\/wp-json\/wp\/v2\/comments?post=95397"}],"version-history":[{"count":3,"href":"https:\/\/www.sudoestehoje.com.br\/novoportal\/wp-json\/wp\/v2\/posts\/95397\/revisions"}],"predecessor-version":[{"id":95402,"href":"https:\/\/www.sudoestehoje.com.br\/novoportal\/wp-json\/wp\/v2\/posts\/95397\/revisions\/95402"}],"wp:featuredmedia":[{"embeddable":true,"href":"https:\/\/www.sudoestehoje.com.br\/novoportal\/wp-json\/wp\/v2\/media\/95400"}],"wp:attachment":[{"href":"https:\/\/www.sudoestehoje.com.br\/novoportal\/wp-json\/wp\/v2\/media?parent=95397"}],"wp:term":[{"taxonomy":"category","embeddable":true,"href":"https:\/\/www.sudoestehoje.com.br\/novoportal\/wp-json\/wp\/v2\/categories?post=95397"},{"taxonomy":"post_tag","embeddable":true,"href":"https:\/\/www.sudoestehoje.com.br\/novoportal\/wp-json\/wp\/v2\/tags?post=95397"}],"curies":[{"name":"wp","href":"https:\/\/api.w.org\/{rel}","templated":true}]}}