
{"id":95244,"date":"2021-06-10T19:04:12","date_gmt":"2021-06-10T22:04:12","guid":{"rendered":"https:\/\/www.sudoestehoje.com.br\/novoportal\/?p=95244"},"modified":"2021-06-10T19:06:41","modified_gmt":"2021-06-10T22:06:41","slug":"em-2-dias-bahia-supera-116-mil-casos-de-covid-19-e-chega-a-mais-de-22-mil-mortos","status":"publish","type":"post","link":"https:\/\/www.sudoestehoje.com.br\/novoportal\/2021\/06\/10\/em-2-dias-bahia-supera-116-mil-casos-de-covid-19-e-chega-a-mais-de-22-mil-mortos\/","title":{"rendered":"EM 2 DIAS, BAHIA SUPERA 11,6 MIL CASOS DE COVID-19 E CHEGA A MAIS DE 22 MIL MORTOS"},"content":{"rendered":"<p><a href=\"https:\/\/www.sudoestehoje.com.br\/novoportal\/wp-content\/uploads\/2021\/06\/a1.jpg\"><img loading=\"lazy\" decoding=\"async\" class=\"aligncenter size-medium wp-image-95245\" src=\"https:\/\/www.sudoestehoje.com.br\/novoportal\/wp-content\/uploads\/2021\/06\/a1-500x313.jpg\" alt=\"\" width=\"500\" height=\"313\" srcset=\"https:\/\/www.sudoestehoje.com.br\/novoportal\/wp-content\/uploads\/2021\/06\/a1-500x313.jpg 500w, https:\/\/www.sudoestehoje.com.br\/novoportal\/wp-content\/uploads\/2021\/06\/a1-700x438.jpg 700w, https:\/\/www.sudoestehoje.com.br\/novoportal\/wp-content\/uploads\/2021\/06\/a1-768x481.jpg 768w, https:\/\/www.sudoestehoje.com.br\/novoportal\/wp-content\/uploads\/2021\/06\/a1.jpg 984w\" sizes=\"auto, (max-width: 500px) 100vw, 500px\" \/><\/a><\/p>\n<p>Em dois dias, a Bahia superou 11,6 mil casos de Covid-19. Nas \u00faltimas 24h, foram registrados 4.947 novos casos da doen\u00e7a, de acordo com boletim divulgado pela Secretaria Estadual de Sa\u00fade (Sesab), nesta quinta-feira (10).<\/p>\n<p>Na quarta-feira (9), a\u00a0<a href=\"https:\/\/g1.globo.com\/ba\/bahia\/noticia\/2021\/06\/09\/bahia-registra-segundo-maior-numero-de-casos-de-covid-19-confirmados-em-24h.ghtml\">Bahia registou mais de 6,7 mil novos casos de Covid-19 em 24h<\/a>. Este foi o segundo maior n\u00famero desde in\u00edcio da pandemia. Segundo a Sesab, a\u00a0<span class=\"highlight highlighted\">maior marca \u00e9 do dia 27 de junho de 2020, com 8.822 casos<\/span>.<\/p>\n<p>Segundo o boletim, foram contabilizadas mais\u00a0<strong>130 mortes pela doen\u00e7a<\/strong> que, de acordo com a Sesab, aconteceram em datas diversas, mas foram registradas no boletim desta quinta. Com os novos dados, a Bahia tem 22.194 \u00f3bitos pela doen\u00e7a, o que representa letalidade de 2,11%. <strong><em>\/\/G1<\/em><\/strong><\/p>\n","protected":false},"excerpt":{"rendered":"<p>Em dois dias, a Bahia superou 11,6 mil casos de Covid-19. Nas \u00faltimas 24h, foram registrados 4.947 novos casos da doen\u00e7a, de acordo com boletim divulgado pela Secretaria Estadual de Sa\u00fade (Sesab), nesta quinta-feira (10). Na quarta-feira (9), a\u00a0Bahia registou mais de 6,7 mil novos casos de Covid-19 em 24h. Este foi o segundo maior [&hellip;]<\/p>\n","protected":false},"author":2,"featured_media":95245,"comment_status":"open","ping_status":"open","sticky":false,"template":"","format":"standard","meta":{"footnotes":"","_links_to":"","_links_to_target":""},"categories":[1],"tags":[],"class_list":["post-95244","post","type-post","status-publish","format-standard","has-post-thumbnail","hentry","category-geral"],"views":813,"_links":{"self":[{"href":"https:\/\/www.sudoestehoje.com.br\/novoportal\/wp-json\/wp\/v2\/posts\/95244","targetHints":{"allow":["GET"]}}],"collection":[{"href":"https:\/\/www.sudoestehoje.com.br\/novoportal\/wp-json\/wp\/v2\/posts"}],"about":[{"href":"https:\/\/www.sudoestehoje.com.br\/novoportal\/wp-json\/wp\/v2\/types\/post"}],"author":[{"embeddable":true,"href":"https:\/\/www.sudoestehoje.com.br\/novoportal\/wp-json\/wp\/v2\/users\/2"}],"replies":[{"embeddable":true,"href":"https:\/\/www.sudoestehoje.com.br\/novoportal\/wp-json\/wp\/v2\/comments?post=95244"}],"version-history":[{"count":3,"href":"https:\/\/www.sudoestehoje.com.br\/novoportal\/wp-json\/wp\/v2\/posts\/95244\/revisions"}],"predecessor-version":[{"id":95248,"href":"https:\/\/www.sudoestehoje.com.br\/novoportal\/wp-json\/wp\/v2\/posts\/95244\/revisions\/95248"}],"wp:featuredmedia":[{"embeddable":true,"href":"https:\/\/www.sudoestehoje.com.br\/novoportal\/wp-json\/wp\/v2\/media\/95245"}],"wp:attachment":[{"href":"https:\/\/www.sudoestehoje.com.br\/novoportal\/wp-json\/wp\/v2\/media?parent=95244"}],"wp:term":[{"taxonomy":"category","embeddable":true,"href":"https:\/\/www.sudoestehoje.com.br\/novoportal\/wp-json\/wp\/v2\/categories?post=95244"},{"taxonomy":"post_tag","embeddable":true,"href":"https:\/\/www.sudoestehoje.com.br\/novoportal\/wp-json\/wp\/v2\/tags?post=95244"}],"curies":[{"name":"wp","href":"https:\/\/api.w.org\/{rel}","templated":true}]}}