
{"id":95110,"date":"2021-05-31T21:18:18","date_gmt":"2021-06-01T00:18:18","guid":{"rendered":"https:\/\/www.sudoestehoje.com.br\/novoportal\/?p=95110"},"modified":"2021-05-31T21:18:18","modified_gmt":"2021-06-01T00:18:18","slug":"pt-decide-recorrer-ao-supremo-contra-realizacao-da-copa-america-no-brasil","status":"publish","type":"post","link":"https:\/\/www.sudoestehoje.com.br\/novoportal\/2021\/05\/31\/pt-decide-recorrer-ao-supremo-contra-realizacao-da-copa-america-no-brasil\/","title":{"rendered":"PT DECIDE RECORRER AO SUPREMO CONTRA REALIZA\u00c7\u00c3O DA COPA AM\u00c9RICA NO BRASIL"},"content":{"rendered":"<p><a href=\"https:\/\/www.sudoestehoje.com.br\/novoportal\/wp-content\/uploads\/2021\/05\/COPA-AM\u00c9RICA-PT-crop.png\"><img loading=\"lazy\" decoding=\"async\" class=\"aligncenter size-medium wp-image-95112\" src=\"https:\/\/www.sudoestehoje.com.br\/novoportal\/wp-content\/uploads\/2021\/05\/COPA-AM\u00c9RICA-PT-crop-500x259.png\" alt=\"\" width=\"500\" height=\"259\" srcset=\"https:\/\/www.sudoestehoje.com.br\/novoportal\/wp-content\/uploads\/2021\/05\/COPA-AM\u00c9RICA-PT-crop-500x259.png 500w, https:\/\/www.sudoestehoje.com.br\/novoportal\/wp-content\/uploads\/2021\/05\/COPA-AM\u00c9RICA-PT-crop.png 598w\" sizes=\"auto, (max-width: 500px) 100vw, 500px\" \/><\/a><\/p>\n<p>Ap\u00f3s a Confedera\u00e7\u00e3o Sul-Americana de Futebol anunciar, nesta segunda-feira (31), que o Brasil ser\u00e1 sede da Copa Am\u00e9rica de futebol, o Partido dos Trabalhadores decidiu que vai recorrer ao Supremo Tribunal Federal (STF) para tentar evitar a realiza\u00e7\u00e3o da competi\u00e7\u00e3o no pa\u00eds. A decis\u00e3o foi comunicada pelo deputado federal Alexandre Padilha (PT-SP).<\/p>\n<p>At\u00e9 ent\u00e3o, a maior justificativa para se opor \u00e0 realiza\u00e7\u00e3o do evento no Brasil \u00e9 a situa\u00e7\u00e3o da pandemia da Covid-19, que segue com n\u00fameros altos. A Col\u00f4mbia e a Argentina sediariam a competi\u00e7\u00e3o prevista para iniciar no dia 13 de junho.<\/p>\n<p>Na Argentina, o aumento do n\u00famero de casos da doen\u00e7a foi o principal motivo para suspens\u00e3o do torneio no pa\u00eds. J\u00e1 a Col\u00f4mbia, al\u00e9m da alta nos \u00edndices da doen\u00e7a, passa ainda um per\u00edodo de manifesta\u00e7\u00e3o popular contra a situa\u00e7\u00e3o atual do pa\u00eds.<\/p>\n","protected":false},"excerpt":{"rendered":"<p>Ap\u00f3s a Confedera\u00e7\u00e3o Sul-Americana de Futebol anunciar, nesta segunda-feira (31), que o Brasil ser\u00e1 sede da Copa Am\u00e9rica de futebol, o Partido dos Trabalhadores decidiu que vai recorrer ao Supremo Tribunal Federal (STF) para tentar evitar a realiza\u00e7\u00e3o da competi\u00e7\u00e3o no pa\u00eds. A decis\u00e3o foi comunicada pelo deputado federal Alexandre Padilha (PT-SP). At\u00e9 ent\u00e3o, a [&hellip;]<\/p>\n","protected":false},"author":2,"featured_media":95113,"comment_status":"open","ping_status":"open","sticky":false,"template":"","format":"standard","meta":{"footnotes":"","_links_to":"","_links_to_target":""},"categories":[1],"tags":[],"class_list":["post-95110","post","type-post","status-publish","format-standard","has-post-thumbnail","hentry","category-geral"],"views":877,"_links":{"self":[{"href":"https:\/\/www.sudoestehoje.com.br\/novoportal\/wp-json\/wp\/v2\/posts\/95110","targetHints":{"allow":["GET"]}}],"collection":[{"href":"https:\/\/www.sudoestehoje.com.br\/novoportal\/wp-json\/wp\/v2\/posts"}],"about":[{"href":"https:\/\/www.sudoestehoje.com.br\/novoportal\/wp-json\/wp\/v2\/types\/post"}],"author":[{"embeddable":true,"href":"https:\/\/www.sudoestehoje.com.br\/novoportal\/wp-json\/wp\/v2\/users\/2"}],"replies":[{"embeddable":true,"href":"https:\/\/www.sudoestehoje.com.br\/novoportal\/wp-json\/wp\/v2\/comments?post=95110"}],"version-history":[{"count":1,"href":"https:\/\/www.sudoestehoje.com.br\/novoportal\/wp-json\/wp\/v2\/posts\/95110\/revisions"}],"predecessor-version":[{"id":95114,"href":"https:\/\/www.sudoestehoje.com.br\/novoportal\/wp-json\/wp\/v2\/posts\/95110\/revisions\/95114"}],"wp:featuredmedia":[{"embeddable":true,"href":"https:\/\/www.sudoestehoje.com.br\/novoportal\/wp-json\/wp\/v2\/media\/95113"}],"wp:attachment":[{"href":"https:\/\/www.sudoestehoje.com.br\/novoportal\/wp-json\/wp\/v2\/media?parent=95110"}],"wp:term":[{"taxonomy":"category","embeddable":true,"href":"https:\/\/www.sudoestehoje.com.br\/novoportal\/wp-json\/wp\/v2\/categories?post=95110"},{"taxonomy":"post_tag","embeddable":true,"href":"https:\/\/www.sudoestehoje.com.br\/novoportal\/wp-json\/wp\/v2\/tags?post=95110"}],"curies":[{"name":"wp","href":"https:\/\/api.w.org\/{rel}","templated":true}]}}