
{"id":95100,"date":"2021-05-31T09:40:24","date_gmt":"2021-05-31T12:40:24","guid":{"rendered":"https:\/\/www.sudoestehoje.com.br\/novoportal\/?p=95100"},"modified":"2021-05-31T09:40:24","modified_gmt":"2021-05-31T12:40:24","slug":"risco-de-colapso-no-abastecimento-de-oxigenio-no-nordeste-e-alto-diz-ministro","status":"publish","type":"post","link":"https:\/\/www.sudoestehoje.com.br\/novoportal\/2021\/05\/31\/risco-de-colapso-no-abastecimento-de-oxigenio-no-nordeste-e-alto-diz-ministro\/","title":{"rendered":"RISCO DE COLAPSO NO ABASTECIMENTO DE OXIG\u00caNIO NO NORDESTE \u00c9 ALTO, DIZ MINISTRO"},"content":{"rendered":"<p><a href=\"https:\/\/www.sudoestehoje.com.br\/novoportal\/wp-content\/uploads\/2021\/05\/OXIGENIO-2.jpg\"><img loading=\"lazy\" decoding=\"async\" class=\"aligncenter size-medium wp-image-95102\" src=\"https:\/\/www.sudoestehoje.com.br\/novoportal\/wp-content\/uploads\/2021\/05\/OXIGENIO-2-500x333.jpg\" alt=\"\" width=\"500\" height=\"333\" srcset=\"https:\/\/www.sudoestehoje.com.br\/novoportal\/wp-content\/uploads\/2021\/05\/OXIGENIO-2-500x333.jpg 500w, https:\/\/www.sudoestehoje.com.br\/novoportal\/wp-content\/uploads\/2021\/05\/OXIGENIO-2-700x466.jpg 700w, https:\/\/www.sudoestehoje.com.br\/novoportal\/wp-content\/uploads\/2021\/05\/OXIGENIO-2-768x511.jpg 768w, https:\/\/www.sudoestehoje.com.br\/novoportal\/wp-content\/uploads\/2021\/05\/OXIGENIO-2.jpg 984w\" sizes=\"auto, (max-width: 500px) 100vw, 500px\" \/><\/a><\/p>\n<p>O ministro da Sa\u00fade, Marcelo Queiroga, anunciou que a pasta<strong> vai enviar 5,1 mil concentradores de oxig\u00eanio<\/strong> para unidades de sa\u00fade que atendem pacientes com Covid-19 no Norte e no Nordeste do pa\u00eds. O an\u00fancio foi feito em visita a Pernambuco, que receber\u00e1 148 aparelhos at\u00e9 o dia 10 de junho.<\/p>\n<p dir=\"ltr\">&#8220;Estamos visitando a regi\u00e3o, pois sabemos que h\u00e1 amea\u00e7a de colapso no sistema de sa\u00fade, sobretudo em fun\u00e7\u00e3o do insumo oxig\u00eanio&#8221;, admitiu o ministro. Ele n\u00e3o mencionou a quantidade que ser\u00e1 enviada \u00e0 Bahia.<\/p>\n<p dir=\"ltr\">De acordo com a Ag\u00eancia Brasil, ao ser questionado se havia risco de colapso por falta de oxig\u00eanio mesmo ap\u00f3s o envio desses concentradores, ele disse que o governo trabalha para que isso n\u00e3o aconte\u00e7a. \u201cS\u00f3 que lidamos com a imprevisibilidade biol\u00f3gica porque esse v\u00edrus sofre muta\u00e7\u00e3o e pode ter variantes que podem ter comportamento biol\u00f3gico diferente, o que leva press\u00e3o maior para o sistema de sa\u00fade. Mas as autoridades sanit\u00e1rias est\u00e3o empenhadas para que n\u00e3o haja falta de oxig\u00eanio\u201d, acrescentou.<\/p>\n<p dir=\"ltr\">Ele ponderou, no entanto, que a distribui\u00e7\u00e3o e log\u00edstica de oxig\u00eanio &#8220;\u00e9 quest\u00e3o complexa&#8221;, j\u00e1 que ele tamb\u00e9m \u00e9 distribu\u00eddo em cilindros, especialmente nos munic\u00edpios de menor porte. Segundo o ministro, &#8220;h\u00e1 car\u00eancia de cilindros&#8221;, mas o minist\u00e9rio tem apoiado as secretarias municipais para que n\u00e3o falte o aparelho. <em>\/\/BN<\/em><\/p>\n","protected":false},"excerpt":{"rendered":"<p>O ministro da Sa\u00fade, Marcelo Queiroga, anunciou que a pasta vai enviar 5,1 mil concentradores de oxig\u00eanio para unidades de sa\u00fade que atendem pacientes com Covid-19 no Norte e no Nordeste do pa\u00eds. O an\u00fancio foi feito em visita a Pernambuco, que receber\u00e1 148 aparelhos at\u00e9 o dia 10 de junho. &#8220;Estamos visitando a regi\u00e3o, [&hellip;]<\/p>\n","protected":false},"author":2,"featured_media":95102,"comment_status":"open","ping_status":"open","sticky":false,"template":"","format":"standard","meta":{"footnotes":"","_links_to":"","_links_to_target":""},"categories":[1],"tags":[],"class_list":["post-95100","post","type-post","status-publish","format-standard","has-post-thumbnail","hentry","category-geral"],"views":778,"_links":{"self":[{"href":"https:\/\/www.sudoestehoje.com.br\/novoportal\/wp-json\/wp\/v2\/posts\/95100","targetHints":{"allow":["GET"]}}],"collection":[{"href":"https:\/\/www.sudoestehoje.com.br\/novoportal\/wp-json\/wp\/v2\/posts"}],"about":[{"href":"https:\/\/www.sudoestehoje.com.br\/novoportal\/wp-json\/wp\/v2\/types\/post"}],"author":[{"embeddable":true,"href":"https:\/\/www.sudoestehoje.com.br\/novoportal\/wp-json\/wp\/v2\/users\/2"}],"replies":[{"embeddable":true,"href":"https:\/\/www.sudoestehoje.com.br\/novoportal\/wp-json\/wp\/v2\/comments?post=95100"}],"version-history":[{"count":3,"href":"https:\/\/www.sudoestehoje.com.br\/novoportal\/wp-json\/wp\/v2\/posts\/95100\/revisions"}],"predecessor-version":[{"id":95104,"href":"https:\/\/www.sudoestehoje.com.br\/novoportal\/wp-json\/wp\/v2\/posts\/95100\/revisions\/95104"}],"wp:featuredmedia":[{"embeddable":true,"href":"https:\/\/www.sudoestehoje.com.br\/novoportal\/wp-json\/wp\/v2\/media\/95102"}],"wp:attachment":[{"href":"https:\/\/www.sudoestehoje.com.br\/novoportal\/wp-json\/wp\/v2\/media?parent=95100"}],"wp:term":[{"taxonomy":"category","embeddable":true,"href":"https:\/\/www.sudoestehoje.com.br\/novoportal\/wp-json\/wp\/v2\/categories?post=95100"},{"taxonomy":"post_tag","embeddable":true,"href":"https:\/\/www.sudoestehoje.com.br\/novoportal\/wp-json\/wp\/v2\/tags?post=95100"}],"curies":[{"name":"wp","href":"https:\/\/api.w.org\/{rel}","templated":true}]}}