
{"id":95065,"date":"2021-05-28T18:31:02","date_gmt":"2021-05-28T21:31:02","guid":{"rendered":"https:\/\/www.sudoestehoje.com.br\/novoportal\/?p=95065"},"modified":"2021-05-28T18:31:02","modified_gmt":"2021-05-28T21:31:02","slug":"itapetinga-saae-vai-recuperar-e-reativar-lagoas-de-tratamento-final-de-esgotos-abandonadas-na-gestao-passada","status":"publish","type":"post","link":"https:\/\/www.sudoestehoje.com.br\/novoportal\/2021\/05\/28\/itapetinga-saae-vai-recuperar-e-reativar-lagoas-de-tratamento-final-de-esgotos-abandonadas-na-gestao-passada\/","title":{"rendered":"ITAPETINGA: SAAE VAI RECUPERAR E REATIVAR LAGOAS DE TRATAMENTO FINAL DE ESGOTOS ABANDONADAS NA GEST\u00c3O PASSADA"},"content":{"rendered":"<p><a href=\"https:\/\/www.sudoestehoje.com.br\/novoportal\/wp-content\/uploads\/2021\/05\/LAGOA-TRAT-1.jpeg\"><img loading=\"lazy\" decoding=\"async\" class=\"aligncenter size-medium wp-image-95069\" src=\"https:\/\/www.sudoestehoje.com.br\/novoportal\/wp-content\/uploads\/2021\/05\/LAGOA-TRAT-1-500x281.jpeg\" alt=\"\" width=\"500\" height=\"281\" srcset=\"https:\/\/www.sudoestehoje.com.br\/novoportal\/wp-content\/uploads\/2021\/05\/LAGOA-TRAT-1-500x281.jpeg 500w, https:\/\/www.sudoestehoje.com.br\/novoportal\/wp-content\/uploads\/2021\/05\/LAGOA-TRAT-1-700x394.jpeg 700w, https:\/\/www.sudoestehoje.com.br\/novoportal\/wp-content\/uploads\/2021\/05\/LAGOA-TRAT-1-768x432.jpeg 768w, https:\/\/www.sudoestehoje.com.br\/novoportal\/wp-content\/uploads\/2021\/05\/LAGOA-TRAT-1.jpeg 1024w\" sizes=\"auto, (max-width: 500px) 100vw, 500px\" \/><\/a><\/p>\n<p>O diretor do SAAE de Itapetinga, o engenheiro Airton Ferraz e equipe fizeram esta semana uma visita t\u00e9cnica \u00e0s lagoas facultativas (lagoas de tratamento final), localizadas nos fundos da Cooleite.<\/p>\n<p>Estas lagoas facultativas s\u00e3o extremamente necess\u00e1rias para o tratamento final dos esgotos dos bairros Am\u00e9rico Nogueira, Quintas do Morumbi e Quintas do Sul, recepcionados pelo Sistema de Tratamento de Esgotos (DAFA) do Am\u00e9rico Nogueira.<\/p>\n<p><a href=\"https:\/\/www.sudoestehoje.com.br\/novoportal\/wp-content\/uploads\/2021\/05\/LAGOA-TRAT-2.jpeg\"><img loading=\"lazy\" decoding=\"async\" class=\"aligncenter size-medium wp-image-95070\" src=\"https:\/\/www.sudoestehoje.com.br\/novoportal\/wp-content\/uploads\/2021\/05\/LAGOA-TRAT-2-500x281.jpeg\" alt=\"\" width=\"500\" height=\"281\" srcset=\"https:\/\/www.sudoestehoje.com.br\/novoportal\/wp-content\/uploads\/2021\/05\/LAGOA-TRAT-2-500x281.jpeg 500w, https:\/\/www.sudoestehoje.com.br\/novoportal\/wp-content\/uploads\/2021\/05\/LAGOA-TRAT-2-700x394.jpeg 700w, https:\/\/www.sudoestehoje.com.br\/novoportal\/wp-content\/uploads\/2021\/05\/LAGOA-TRAT-2-768x432.jpeg 768w, https:\/\/www.sudoestehoje.com.br\/novoportal\/wp-content\/uploads\/2021\/05\/LAGOA-TRAT-2.jpeg 1024w\" sizes=\"auto, (max-width: 500px) 100vw, 500px\" \/><\/a><\/p>\n<p>As lagoas facultativas foram instaladas em 2007 pelo ent\u00e3o Diretor do SAAE, Airton Ferraz e desde as gest\u00f5es posteriores se encontravam completamente abandonadas.<\/p>\n<p>Agora, com a recupera\u00e7\u00e3o total do DAFA do Am\u00e9rico Nogueira (em fase de conclus\u00e3o) e das lagoas facultativas, o Rio Catol\u00e9 sofrer\u00e1 menos agressividade e os moradores dos bairros contemplados usufruir\u00e3o de um saneamento adequado. <em><strong>\/\/Ascom SAAE<\/strong><\/em><\/p>\n\n\t\t<style type=\"text\/css\">\n\t\t\t#gallery-1 {\n\t\t\t\tmargin: auto;\n\t\t\t}\n\t\t\t#gallery-1 .gallery-item {\n\t\t\t\tfloat: left;\n\t\t\t\tmargin-top: 10px;\n\t\t\t\ttext-align: center;\n\t\t\t\twidth: 33%;\n\t\t\t}\n\t\t\t#gallery-1 img {\n\t\t\t\tborder: 2px solid #cfcfcf;\n\t\t\t}\n\t\t\t#gallery-1 .gallery-caption {\n\t\t\t\tmargin-left: 0;\n\t\t\t}\n\t\t\t\/* see gallery_shortcode() in wp-includes\/media.php *\/\n\t\t<\/style>\n\t\t<div id='gallery-1' class='gallery galleryid-95065 gallery-columns-3 gallery-size-thumbnail'><dl class='gallery-item'>\n\t\t\t<dt class='gallery-icon landscape'>\n\t\t\t\t<a href='https:\/\/www.sudoestehoje.com.br\/novoportal\/2021\/05\/28\/itapetinga-saae-vai-recuperar-e-reativar-lagoas-de-tratamento-final-de-esgotos-abandonadas-na-gestao-passada\/lagoa-trat-4\/'><img loading=\"lazy\" decoding=\"async\" width=\"150\" height=\"150\" src=\"https:\/\/www.sudoestehoje.com.br\/novoportal\/wp-content\/uploads\/2021\/05\/LAGOA-TRAT-4-150x150.jpeg\" class=\"attachment-thumbnail size-thumbnail\" alt=\"\" \/><\/a>\n\t\t\t<\/dt><\/dl><dl class='gallery-item'>\n\t\t\t<dt class='gallery-icon portrait'>\n\t\t\t\t<a href='https:\/\/www.sudoestehoje.com.br\/novoportal\/2021\/05\/28\/itapetinga-saae-vai-recuperar-e-reativar-lagoas-de-tratamento-final-de-esgotos-abandonadas-na-gestao-passada\/lagoa-trat-3\/'><img loading=\"lazy\" decoding=\"async\" width=\"150\" height=\"150\" src=\"https:\/\/www.sudoestehoje.com.br\/novoportal\/wp-content\/uploads\/2021\/05\/LAGOA-TRAT.-3-150x150.jpeg\" class=\"attachment-thumbnail size-thumbnail\" alt=\"\" \/><\/a>\n\t\t\t<\/dt><\/dl><dl class='gallery-item'>\n\t\t\t<dt class='gallery-icon landscape'>\n\t\t\t\t<a href='https:\/\/www.sudoestehoje.com.br\/novoportal\/2021\/05\/28\/itapetinga-saae-vai-recuperar-e-reativar-lagoas-de-tratamento-final-de-esgotos-abandonadas-na-gestao-passada\/lagoa-trat-5\/'><img loading=\"lazy\" decoding=\"async\" width=\"150\" height=\"150\" src=\"https:\/\/www.sudoestehoje.com.br\/novoportal\/wp-content\/uploads\/2021\/05\/LAGOA-TRAT-5-150x150.jpeg\" class=\"attachment-thumbnail size-thumbnail\" alt=\"\" \/><\/a>\n\t\t\t<\/dt><\/dl><br style=\"clear: both\" \/>\n\t\t<\/div>\n\n","protected":false},"excerpt":{"rendered":"<p>O diretor do SAAE de Itapetinga, o engenheiro Airton Ferraz e equipe fizeram esta semana uma visita t\u00e9cnica \u00e0s lagoas facultativas (lagoas de tratamento final), localizadas nos fundos da Cooleite. Estas lagoas facultativas s\u00e3o extremamente necess\u00e1rias para o tratamento final dos esgotos dos bairros Am\u00e9rico Nogueira, Quintas do Morumbi e Quintas do Sul, recepcionados pelo [&hellip;]<\/p>\n","protected":false},"author":2,"featured_media":95069,"comment_status":"open","ping_status":"open","sticky":false,"template":"","format":"standard","meta":{"footnotes":"","_links_to":"","_links_to_target":""},"categories":[1],"tags":[],"class_list":["post-95065","post","type-post","status-publish","format-standard","has-post-thumbnail","hentry","category-geral"],"views":871,"_links":{"self":[{"href":"https:\/\/www.sudoestehoje.com.br\/novoportal\/wp-json\/wp\/v2\/posts\/95065","targetHints":{"allow":["GET"]}}],"collection":[{"href":"https:\/\/www.sudoestehoje.com.br\/novoportal\/wp-json\/wp\/v2\/posts"}],"about":[{"href":"https:\/\/www.sudoestehoje.com.br\/novoportal\/wp-json\/wp\/v2\/types\/post"}],"author":[{"embeddable":true,"href":"https:\/\/www.sudoestehoje.com.br\/novoportal\/wp-json\/wp\/v2\/users\/2"}],"replies":[{"embeddable":true,"href":"https:\/\/www.sudoestehoje.com.br\/novoportal\/wp-json\/wp\/v2\/comments?post=95065"}],"version-history":[{"count":5,"href":"https:\/\/www.sudoestehoje.com.br\/novoportal\/wp-json\/wp\/v2\/posts\/95065\/revisions"}],"predecessor-version":[{"id":95075,"href":"https:\/\/www.sudoestehoje.com.br\/novoportal\/wp-json\/wp\/v2\/posts\/95065\/revisions\/95075"}],"wp:featuredmedia":[{"embeddable":true,"href":"https:\/\/www.sudoestehoje.com.br\/novoportal\/wp-json\/wp\/v2\/media\/95069"}],"wp:attachment":[{"href":"https:\/\/www.sudoestehoje.com.br\/novoportal\/wp-json\/wp\/v2\/media?parent=95065"}],"wp:term":[{"taxonomy":"category","embeddable":true,"href":"https:\/\/www.sudoestehoje.com.br\/novoportal\/wp-json\/wp\/v2\/categories?post=95065"},{"taxonomy":"post_tag","embeddable":true,"href":"https:\/\/www.sudoestehoje.com.br\/novoportal\/wp-json\/wp\/v2\/tags?post=95065"}],"curies":[{"name":"wp","href":"https:\/\/api.w.org\/{rel}","templated":true}]}}