
{"id":95035,"date":"2021-05-26T19:33:44","date_gmt":"2021-05-26T22:33:44","guid":{"rendered":"https:\/\/www.sudoestehoje.com.br\/novoportal\/?p=95035"},"modified":"2021-05-26T19:33:44","modified_gmt":"2021-05-26T22:33:44","slug":"covid-sem-controle-na-bahia-com-5-455-casos-em-24-horas-e-120-mortes","status":"publish","type":"post","link":"https:\/\/www.sudoestehoje.com.br\/novoportal\/2021\/05\/26\/covid-sem-controle-na-bahia-com-5-455-casos-em-24-horas-e-120-mortes\/","title":{"rendered":"COVID SEM CONTROLE NA BAHIA, COM 5.455 CASOS EM 24 HORAS E 120 MORTES"},"content":{"rendered":"<p><a href=\"https:\/\/www.sudoestehoje.com.br\/novoportal\/wp-content\/uploads\/2021\/05\/MORTES-COVID-2.jpg\"><img loading=\"lazy\" decoding=\"async\" class=\"aligncenter size-medium wp-image-95036\" src=\"https:\/\/www.sudoestehoje.com.br\/novoportal\/wp-content\/uploads\/2021\/05\/MORTES-COVID-2-500x281.jpg\" alt=\"\" width=\"500\" height=\"281\" srcset=\"https:\/\/www.sudoestehoje.com.br\/novoportal\/wp-content\/uploads\/2021\/05\/MORTES-COVID-2-500x281.jpg 500w, https:\/\/www.sudoestehoje.com.br\/novoportal\/wp-content\/uploads\/2021\/05\/MORTES-COVID-2.jpg 640w\" sizes=\"auto, (max-width: 500px) 100vw, 500px\" \/><\/a><\/p>\n<p>A Secretaria Estadual da Sa\u00fade (Sesab) confirmou, nesta quarta-feira (26), 5.455 novas contamina\u00e7\u00f5es pelo novo coronav\u00edrus na Bahia, a maior quantidade registrada no estado desde o \u00faltimo dia 10 de mar\u00e7o, quando 5.499 pessoas foram diagnosticadas com Covid-19. Com esses n\u00fameros, agora s\u00e3o 995.364 casos confirmados da doen\u00e7a em territ\u00f3rio baiano desde o in\u00edcio da pandemia.<\/p>\n<p style=\"font-weight: 400;\">Tamb\u00e9m nas \u00faltimas 24 horas, a Bahia confirmou 120 novas mortes por Covid-19. No total, segundo a Sesab, 20.726 pessoas morreram no estado em decorr\u00eancia da doen\u00e7a.<\/p>\n<p style=\"font-weight: 400;\">Os casos ativos do novo coronav\u00edrus tamb\u00e9m cresceram, alcan\u00e7ando 18.189 nesta quarta-feira. Os 10 munic\u00edpios baianos com mais contaminados s\u00e3o Salvador (2.903), Feira de Santana (586), Barreiras (443), Paulo Afonso (419), Ribeira do Pombal (399), Itabuna (379), Guanambi (309), Lauro de Freitas (289), Santo Ant\u00f4nio de Jesus (249) e Ilh\u00e9us (234).<\/p>\n","protected":false},"excerpt":{"rendered":"<p>A Secretaria Estadual da Sa\u00fade (Sesab) confirmou, nesta quarta-feira (26), 5.455 novas contamina\u00e7\u00f5es pelo novo coronav\u00edrus na Bahia, a maior quantidade registrada no estado desde o \u00faltimo dia 10 de mar\u00e7o, quando 5.499 pessoas foram diagnosticadas com Covid-19. Com esses n\u00fameros, agora s\u00e3o 995.364 casos confirmados da doen\u00e7a em territ\u00f3rio baiano desde o in\u00edcio da [&hellip;]<\/p>\n","protected":false},"author":2,"featured_media":95036,"comment_status":"open","ping_status":"open","sticky":false,"template":"","format":"standard","meta":{"footnotes":"","_links_to":"","_links_to_target":""},"categories":[1],"tags":[],"class_list":["post-95035","post","type-post","status-publish","format-standard","has-post-thumbnail","hentry","category-geral"],"views":822,"_links":{"self":[{"href":"https:\/\/www.sudoestehoje.com.br\/novoportal\/wp-json\/wp\/v2\/posts\/95035","targetHints":{"allow":["GET"]}}],"collection":[{"href":"https:\/\/www.sudoestehoje.com.br\/novoportal\/wp-json\/wp\/v2\/posts"}],"about":[{"href":"https:\/\/www.sudoestehoje.com.br\/novoportal\/wp-json\/wp\/v2\/types\/post"}],"author":[{"embeddable":true,"href":"https:\/\/www.sudoestehoje.com.br\/novoportal\/wp-json\/wp\/v2\/users\/2"}],"replies":[{"embeddable":true,"href":"https:\/\/www.sudoestehoje.com.br\/novoportal\/wp-json\/wp\/v2\/comments?post=95035"}],"version-history":[{"count":1,"href":"https:\/\/www.sudoestehoje.com.br\/novoportal\/wp-json\/wp\/v2\/posts\/95035\/revisions"}],"predecessor-version":[{"id":95037,"href":"https:\/\/www.sudoestehoje.com.br\/novoportal\/wp-json\/wp\/v2\/posts\/95035\/revisions\/95037"}],"wp:featuredmedia":[{"embeddable":true,"href":"https:\/\/www.sudoestehoje.com.br\/novoportal\/wp-json\/wp\/v2\/media\/95036"}],"wp:attachment":[{"href":"https:\/\/www.sudoestehoje.com.br\/novoportal\/wp-json\/wp\/v2\/media?parent=95035"}],"wp:term":[{"taxonomy":"category","embeddable":true,"href":"https:\/\/www.sudoestehoje.com.br\/novoportal\/wp-json\/wp\/v2\/categories?post=95035"},{"taxonomy":"post_tag","embeddable":true,"href":"https:\/\/www.sudoestehoje.com.br\/novoportal\/wp-json\/wp\/v2\/tags?post=95035"}],"curies":[{"name":"wp","href":"https:\/\/api.w.org\/{rel}","templated":true}]}}