
{"id":95026,"date":"2021-05-26T19:11:34","date_gmt":"2021-05-26T22:11:34","guid":{"rendered":"https:\/\/www.sudoestehoje.com.br\/novoportal\/?p=95026"},"modified":"2021-05-26T19:11:34","modified_gmt":"2021-05-26T22:11:34","slug":"conquista-familia-de-herzem-gusmao-rejeita-homenagem-do-vereador-chico-estrela-e-pede-respeito-quer-se-promover","status":"publish","type":"post","link":"https:\/\/www.sudoestehoje.com.br\/novoportal\/2021\/05\/26\/conquista-familia-de-herzem-gusmao-rejeita-homenagem-do-vereador-chico-estrela-e-pede-respeito-quer-se-promover\/","title":{"rendered":"CONQUISTA: FAM\u00cdLIA DE HERZEM GUSM\u00c3O REJEITA HOMENAGEM DO VEREADOR CHICO ESTRELA E PEDE RESPEITO; &#8220;QUER SE PROMOVER&#8221;"},"content":{"rendered":"<p><a href=\"https:\/\/www.sudoestehoje.com.br\/novoportal\/wp-content\/uploads\/2021\/05\/JAMILE-GUSM\u00c3O-1.jpg\"><img loading=\"lazy\" decoding=\"async\" class=\"aligncenter  wp-image-95031\" src=\"https:\/\/www.sudoestehoje.com.br\/novoportal\/wp-content\/uploads\/2021\/05\/JAMILE-GUSM\u00c3O-1.jpg\" alt=\"\" width=\"500\" height=\"333\" \/><\/a><\/p>\n<p>O vereador Chico Estrela, do Partido Trabalhista Crist\u00e3o, era oposi\u00e7\u00e3o ferrenha ao prefeito Herzem Gusm\u00e3o, mas agora comanda a bancada da prefeita Sheila Lemos (DEM) na C\u00e2mara Municipal.<\/p>\n<p>Nesta semana o vereador prop\u00f4s uma homenagem ao ex-prefeito Herzem, de quem foi rival at\u00e9 a sua morte, no dia 18 de mar\u00e7o. Como o BLOG DO ANDERSON mostrou, Chico Estrela lan\u00e7ou um Projeto de Lei para transformar a Rua da Granja na Avenida Herzem Gusm\u00e3o Pereira.<\/p>\n<p>No entanto, Jamile Gusm\u00e3o do Carmo, sobrinha de Herzem, informou que a fam\u00edlia rejeita essa proposta. <em>\u201cEst\u00e1 querendo se promover em cima do nome de Herzem?\u201d,<\/em>\u00a0disparou a administradora.\u00a0<em>\u201cNingu\u00e9m quer. Quer\u00edamos respeito em vida\u201d,<\/em>\u00a0complementa na manh\u00e3 desta quarta-feira (26) exigindo respeito \u00e0 mem\u00f3ria de Herzem Gusm\u00e3o, que foi radialista e deputado estadual.<\/p>\n<p>No pr\u00f3ximo dia 2 de junho ser\u00e1 inaugurada a Esta\u00e7\u00e3o de Transbordo Herzem Gusm\u00e3o Pereira e provavelmente Chico Estrela estar\u00e1 presente com o seu palet\u00f3, gravata e m\u00e1scara contra o Coronav\u00edrus.<\/p>\n","protected":false},"excerpt":{"rendered":"<p>O vereador Chico Estrela, do Partido Trabalhista Crist\u00e3o, era oposi\u00e7\u00e3o ferrenha ao prefeito Herzem Gusm\u00e3o, mas agora comanda a bancada da prefeita Sheila Lemos (DEM) na C\u00e2mara Municipal. Nesta semana o vereador prop\u00f4s uma homenagem ao ex-prefeito Herzem, de quem foi rival at\u00e9 a sua morte, no dia 18 de mar\u00e7o. Como o BLOG DO [&hellip;]<\/p>\n","protected":false},"author":2,"featured_media":95029,"comment_status":"open","ping_status":"open","sticky":false,"template":"","format":"standard","meta":{"footnotes":"","_links_to":"","_links_to_target":""},"categories":[1],"tags":[],"class_list":["post-95026","post","type-post","status-publish","format-standard","has-post-thumbnail","hentry","category-geral"],"views":1149,"_links":{"self":[{"href":"https:\/\/www.sudoestehoje.com.br\/novoportal\/wp-json\/wp\/v2\/posts\/95026","targetHints":{"allow":["GET"]}}],"collection":[{"href":"https:\/\/www.sudoestehoje.com.br\/novoportal\/wp-json\/wp\/v2\/posts"}],"about":[{"href":"https:\/\/www.sudoestehoje.com.br\/novoportal\/wp-json\/wp\/v2\/types\/post"}],"author":[{"embeddable":true,"href":"https:\/\/www.sudoestehoje.com.br\/novoportal\/wp-json\/wp\/v2\/users\/2"}],"replies":[{"embeddable":true,"href":"https:\/\/www.sudoestehoje.com.br\/novoportal\/wp-json\/wp\/v2\/comments?post=95026"}],"version-history":[{"count":6,"href":"https:\/\/www.sudoestehoje.com.br\/novoportal\/wp-json\/wp\/v2\/posts\/95026\/revisions"}],"predecessor-version":[{"id":95034,"href":"https:\/\/www.sudoestehoje.com.br\/novoportal\/wp-json\/wp\/v2\/posts\/95026\/revisions\/95034"}],"wp:featuredmedia":[{"embeddable":true,"href":"https:\/\/www.sudoestehoje.com.br\/novoportal\/wp-json\/wp\/v2\/media\/95029"}],"wp:attachment":[{"href":"https:\/\/www.sudoestehoje.com.br\/novoportal\/wp-json\/wp\/v2\/media?parent=95026"}],"wp:term":[{"taxonomy":"category","embeddable":true,"href":"https:\/\/www.sudoestehoje.com.br\/novoportal\/wp-json\/wp\/v2\/categories?post=95026"},{"taxonomy":"post_tag","embeddable":true,"href":"https:\/\/www.sudoestehoje.com.br\/novoportal\/wp-json\/wp\/v2\/tags?post=95026"}],"curies":[{"name":"wp","href":"https:\/\/api.w.org\/{rel}","templated":true}]}}